{"id":6564,"date":"2025-03-19T09:16:40","date_gmt":"2025-03-19T08:16:40","guid":{"rendered":"https:\/\/plumalia.eu\/?p=6564"},"modified":"2025-12-10T13:10:03","modified_gmt":"2025-12-10T12:10:03","slug":"on-depart-le-merle-noir-etait-en-or-massif","status":"publish","type":"post","link":"https:\/\/plumalia.eu\/?p=6564","title":{"rendered":"\u00c0 l&rsquo;origine, le Merle noir \u00e9tait en or massif&#8230;"},"content":{"rendered":"\n<p class=\"has-text-align-right\" style=\"font-size:17px\"><strong>By Bruno MARCHAL \u2013 Plumalia.<br>Textes et photos prot\u00e9g\u00e9s par les l\u00e9gislations en vigueur.<\/strong><\/p>\n\n\n\n<p class=\"has-text-align-right\" style=\"font-size:12px\"><strong>C&rsquo;est une histoire transmise oralement, si vous connaissez l&rsquo;auteur, faites le moi savoir SVP.<\/strong><\/p>\n\n\n<div class=\"wp-block-image\">\n<figure class=\"aligncenter size-full\"><img loading=\"lazy\" decoding=\"async\" width=\"800\" height=\"587\" src=\"https:\/\/i0.wp.com\/plumalia.eu\/wp-content\/uploads\/2025\/03\/Merle-noir-au-bain-00424.jpg?resize=800%2C587&#038;ssl=1\" alt=\"\" class=\"wp-image-6569\" srcset=\"https:\/\/i0.wp.com\/plumalia.eu\/wp-content\/uploads\/2025\/03\/Merle-noir-au-bain-00424.jpg?w=800&amp;ssl=1 800w, https:\/\/i0.wp.com\/plumalia.eu\/wp-content\/uploads\/2025\/03\/Merle-noir-au-bain-00424.jpg?resize=300%2C220&amp;ssl=1 300w, https:\/\/i0.wp.com\/plumalia.eu\/wp-content\/uploads\/2025\/03\/Merle-noir-au-bain-00424.jpg?resize=768%2C564&amp;ssl=1 768w\" sizes=\"auto, (max-width: 800px) 100vw, 800px\" data-recalc-dims=\"1\" \/><\/figure><\/div>\n\n\n<p style=\"font-size:13px\"><br>Un Merle noir m\u00e2le adulte avec son beau plumage noir mat, au bain.<\/p>\n\n\n\n<p style=\"font-size:16px\"><strong>Oui, oui, \u00e0 l&rsquo;origine, le Merle noir \u00e9tait en or massif.<\/strong><\/p>\n\n\n<div class=\"wp-block-image\">\n<figure class=\"aligncenter size-full\"><img loading=\"lazy\" decoding=\"async\" width=\"800\" height=\"630\" src=\"https:\/\/i0.wp.com\/plumalia.eu\/wp-content\/uploads\/2025\/03\/Merle-noir-femelle-dans-la-neige-14.jpg?resize=800%2C630&#038;ssl=1\" alt=\"\" class=\"wp-image-6571\" srcset=\"https:\/\/i0.wp.com\/plumalia.eu\/wp-content\/uploads\/2025\/03\/Merle-noir-femelle-dans-la-neige-14.jpg?w=800&amp;ssl=1 800w, https:\/\/i0.wp.com\/plumalia.eu\/wp-content\/uploads\/2025\/03\/Merle-noir-femelle-dans-la-neige-14.jpg?resize=300%2C236&amp;ssl=1 300w, https:\/\/i0.wp.com\/plumalia.eu\/wp-content\/uploads\/2025\/03\/Merle-noir-femelle-dans-la-neige-14.jpg?resize=768%2C605&amp;ssl=1 768w\" sizes=\"auto, (max-width: 800px) 100vw, 800px\" data-recalc-dims=\"1\" \/><\/figure><\/div>\n\n\n<p style=\"font-size:13px\"><br>Comme il y a de la neige sur ce clich\u00e9. On peut en d\u00e9duire que nous sommes en hiver et que cet oiseau a son plumage d\u00e9finitif, c&rsquo;est donc une femelle.<br><\/p>\n\n\n\n<p style=\"font-size:16px\"><strong>Connaissant la cupidit\u00e9 de l&rsquo;homme et l&rsquo;int\u00e9r\u00eat que celui-ci portait \u00e0 ce m\u00e9tal, une f\u00e9e bienveillante voulut faire quelque chose pour sauver l&rsquo;esp\u00e8ce.<\/strong><\/p>\n\n\n<div class=\"wp-block-image\">\n<figure class=\"aligncenter size-full\"><img loading=\"lazy\" decoding=\"async\" width=\"800\" height=\"567\" src=\"https:\/\/i0.wp.com\/plumalia.eu\/wp-content\/uploads\/2025\/03\/Merle-noir-juvenile-au-bain-.jpg?resize=800%2C567&#038;ssl=1\" alt=\"\" class=\"wp-image-6572\" srcset=\"https:\/\/i0.wp.com\/plumalia.eu\/wp-content\/uploads\/2025\/03\/Merle-noir-juvenile-au-bain-.jpg?w=800&amp;ssl=1 800w, https:\/\/i0.wp.com\/plumalia.eu\/wp-content\/uploads\/2025\/03\/Merle-noir-juvenile-au-bain-.jpg?resize=300%2C213&amp;ssl=1 300w, https:\/\/i0.wp.com\/plumalia.eu\/wp-content\/uploads\/2025\/03\/Merle-noir-juvenile-au-bain-.jpg?resize=768%2C544&amp;ssl=1 768w\" sizes=\"auto, (max-width: 800px) 100vw, 800px\" data-recalc-dims=\"1\" \/><\/figure><\/div>\n\n\n<p style=\"font-size:13px\"><br>Un jeune Merle noir au bain. Son plumage est ponctu\u00e9 comme beaucoup de jeunes oiseaux pour passer inaper\u00e7u dans la v\u00e9g\u00e9tation.<br><\/p>\n\n\n\n<p style=\"font-size:16px\"><strong>Elle d\u00e9cida de rouler le merle dans la suie.<\/strong><\/p>\n\n\n\n<figure class=\"wp-block-image size-large\"><img loading=\"lazy\" decoding=\"async\" width=\"800\" height=\"534\" src=\"https:\/\/i0.wp.com\/plumalia.eu\/wp-content\/uploads\/2025\/03\/Merle-noir-juvenile-mue-bain-5.jpg?resize=800%2C534&#038;ssl=1\" alt=\"\" class=\"wp-image-6573\" srcset=\"https:\/\/i0.wp.com\/plumalia.eu\/wp-content\/uploads\/2025\/03\/Merle-noir-juvenile-mue-bain-5-scaled.jpg?resize=1024%2C683&amp;ssl=1 1024w, https:\/\/i0.wp.com\/plumalia.eu\/wp-content\/uploads\/2025\/03\/Merle-noir-juvenile-mue-bain-5-scaled.jpg?resize=300%2C200&amp;ssl=1 300w, https:\/\/i0.wp.com\/plumalia.eu\/wp-content\/uploads\/2025\/03\/Merle-noir-juvenile-mue-bain-5-scaled.jpg?resize=768%2C512&amp;ssl=1 768w, https:\/\/i0.wp.com\/plumalia.eu\/wp-content\/uploads\/2025\/03\/Merle-noir-juvenile-mue-bain-5-scaled.jpg?resize=1536%2C1024&amp;ssl=1 1536w, https:\/\/i0.wp.com\/plumalia.eu\/wp-content\/uploads\/2025\/03\/Merle-noir-juvenile-mue-bain-5-scaled.jpg?resize=2048%2C1365&amp;ssl=1 2048w, https:\/\/i0.wp.com\/plumalia.eu\/wp-content\/uploads\/2025\/03\/Merle-noir-juvenile-mue-bain-5-scaled.jpg?w=1600&amp;ssl=1 1600w, https:\/\/i0.wp.com\/plumalia.eu\/wp-content\/uploads\/2025\/03\/Merle-noir-juvenile-mue-bain-5-scaled.jpg?w=2400&amp;ssl=1 2400w\" sizes=\"auto, (max-width: 800px) 100vw, 800px\" data-recalc-dims=\"1\" \/><\/figure>\n\n\n\n<p style=\"font-size:13px\"><br>La mue de cet oiseau a bien d\u00e9but\u00e9. On voit encore quelques \u00ab\u00a0tubes\u00a0\u00bb bleus \u00e0 la base du bec.<br><\/p>\n\n\n\n<p style=\"font-size:16px\"><strong>Mais comment s&rsquo;y prendre avec un oiseau si fragile ?<\/strong><\/p>\n\n\n<div class=\"wp-block-image\">\n<figure class=\"aligncenter size-full\"><img loading=\"lazy\" decoding=\"async\" width=\"800\" height=\"550\" src=\"https:\/\/i0.wp.com\/plumalia.eu\/wp-content\/uploads\/2025\/03\/Merle-noir-juvenile-mue-2.jpg?resize=800%2C550&#038;ssl=1\" alt=\"\" class=\"wp-image-6574\" srcset=\"https:\/\/i0.wp.com\/plumalia.eu\/wp-content\/uploads\/2025\/03\/Merle-noir-juvenile-mue-2.jpg?w=800&amp;ssl=1 800w, https:\/\/i0.wp.com\/plumalia.eu\/wp-content\/uploads\/2025\/03\/Merle-noir-juvenile-mue-2.jpg?resize=300%2C206&amp;ssl=1 300w, https:\/\/i0.wp.com\/plumalia.eu\/wp-content\/uploads\/2025\/03\/Merle-noir-juvenile-mue-2.jpg?resize=768%2C528&amp;ssl=1 768w\" sizes=\"auto, (max-width: 800px) 100vw, 800px\" data-recalc-dims=\"1\" \/><\/figure><\/div>\n\n\n<p style=\"font-size:13px\"><br>Un jeune Merle noir avec une mue difficile&#8230;<br><\/p>\n\n\n\n<p style=\"font-size:16px\"><strong>Elle prit d\u00e9licatement l&rsquo;oiseau par le bec.<\/strong><\/p>\n\n\n<div class=\"wp-block-image\">\n<figure class=\"aligncenter size-full\"><img loading=\"lazy\" decoding=\"async\" width=\"800\" height=\"533\" src=\"https:\/\/i0.wp.com\/plumalia.eu\/wp-content\/uploads\/2025\/03\/Merle-noir-juvenile-nourrissage-.jpg?resize=800%2C533&#038;ssl=1\" alt=\"\" class=\"wp-image-6575\" srcset=\"https:\/\/i0.wp.com\/plumalia.eu\/wp-content\/uploads\/2025\/03\/Merle-noir-juvenile-nourrissage-.jpg?w=800&amp;ssl=1 800w, https:\/\/i0.wp.com\/plumalia.eu\/wp-content\/uploads\/2025\/03\/Merle-noir-juvenile-nourrissage-.jpg?resize=300%2C200&amp;ssl=1 300w, https:\/\/i0.wp.com\/plumalia.eu\/wp-content\/uploads\/2025\/03\/Merle-noir-juvenile-nourrissage-.jpg?resize=768%2C512&amp;ssl=1 768w\" sizes=\"auto, (max-width: 800px) 100vw, 800px\" data-recalc-dims=\"1\" \/><\/figure><\/div>\n\n\n<p style=\"font-size:13px\"><br>Deux jeunes merles en attente de pitance.<\/p>\n\n\n\n<p style=\"font-size:16px\"><strong>La gentille f\u00e9e demanda au merle de fermer les yeux.<\/strong>..<\/p>\n\n\n<div class=\"wp-block-image\">\n<figure class=\"aligncenter size-full\"><img loading=\"lazy\" decoding=\"async\" width=\"800\" height=\"648\" src=\"https:\/\/i0.wp.com\/plumalia.eu\/wp-content\/uploads\/2025\/03\/Merle-noir-juvenile-10.jpg?resize=800%2C648&#038;ssl=1\" alt=\"\" class=\"wp-image-6576\" srcset=\"https:\/\/i0.wp.com\/plumalia.eu\/wp-content\/uploads\/2025\/03\/Merle-noir-juvenile-10.jpg?w=800&amp;ssl=1 800w, https:\/\/i0.wp.com\/plumalia.eu\/wp-content\/uploads\/2025\/03\/Merle-noir-juvenile-10.jpg?resize=300%2C243&amp;ssl=1 300w, https:\/\/i0.wp.com\/plumalia.eu\/wp-content\/uploads\/2025\/03\/Merle-noir-juvenile-10.jpg?resize=768%2C622&amp;ssl=1 768w\" sizes=\"auto, (max-width: 800px) 100vw, 800px\" data-recalc-dims=\"1\" \/><\/figure><\/div>\n\n\n<p style=\"font-size:13px\"><br>Jeune merle entretenant son beau plumage frais en devenir.<\/p>\n\n\n\n<p style=\"font-size:16px\"><strong>&#8230; et elle roula le merle dor\u00e9 dans la suie.<\/strong><\/p>\n\n\n<div class=\"wp-block-image\">\n<figure class=\"aligncenter size-full\"><img loading=\"lazy\" decoding=\"async\" width=\"800\" height=\"533\" src=\"https:\/\/i0.wp.com\/plumalia.eu\/wp-content\/uploads\/2025\/03\/Merle-noir-juvenile-15.jpg?resize=800%2C533&#038;ssl=1\" alt=\"\" class=\"wp-image-6577\" srcset=\"https:\/\/i0.wp.com\/plumalia.eu\/wp-content\/uploads\/2025\/03\/Merle-noir-juvenile-15.jpg?w=800&amp;ssl=1 800w, https:\/\/i0.wp.com\/plumalia.eu\/wp-content\/uploads\/2025\/03\/Merle-noir-juvenile-15.jpg?resize=300%2C200&amp;ssl=1 300w, https:\/\/i0.wp.com\/plumalia.eu\/wp-content\/uploads\/2025\/03\/Merle-noir-juvenile-15.jpg?resize=768%2C512&amp;ssl=1 768w\" sizes=\"auto, (max-width: 800px) 100vw, 800px\" data-recalc-dims=\"1\" \/><\/figure><\/div>\n\n\n<p style=\"font-size:13px\"><br>Deux jeunes affam\u00e9s, attentent leur nourriture. Au vu de leur taille, ils se d\u00e9brouilleront bient\u00f4t seul.<br>Il y a quelques ann\u00e9es, les merles et les grives ont \u00e9t\u00e9 d\u00e9cim\u00e9s par le virus Usutu. Leurs populations semblent revenir \u00e0 des chiffres moins inqui\u00e9tants actuellement. <\/p>\n\n\n\n<p style=\"font-size:15px\"><strong>Comme le merle avait tenu ses yeux ferm\u00e9s pendant l&rsquo;op\u00e9ration et qu&rsquo;il \u00e9tait tenu par le bec, il y a juste ces deux endroits qui sont rest\u00e9s en or&#8230;<\/strong> <strong>son bec et ses cercles oculaires.<\/strong><\/p>\n\n\n<div class=\"wp-block-image\">\n<figure class=\"aligncenter size-large\"><img loading=\"lazy\" decoding=\"async\" width=\"800\" height=\"534\" src=\"https:\/\/i0.wp.com\/plumalia.eu\/wp-content\/uploads\/2025\/03\/Merle-noir-pomme-4.jpg?resize=800%2C534&#038;ssl=1\" alt=\"\" class=\"wp-image-6585\" srcset=\"https:\/\/i0.wp.com\/plumalia.eu\/wp-content\/uploads\/2025\/03\/Merle-noir-pomme-4-scaled.jpg?resize=1024%2C683&amp;ssl=1 1024w, https:\/\/i0.wp.com\/plumalia.eu\/wp-content\/uploads\/2025\/03\/Merle-noir-pomme-4-scaled.jpg?resize=300%2C200&amp;ssl=1 300w, https:\/\/i0.wp.com\/plumalia.eu\/wp-content\/uploads\/2025\/03\/Merle-noir-pomme-4-scaled.jpg?resize=768%2C512&amp;ssl=1 768w, https:\/\/i0.wp.com\/plumalia.eu\/wp-content\/uploads\/2025\/03\/Merle-noir-pomme-4-scaled.jpg?resize=1536%2C1025&amp;ssl=1 1536w, https:\/\/i0.wp.com\/plumalia.eu\/wp-content\/uploads\/2025\/03\/Merle-noir-pomme-4-scaled.jpg?resize=2048%2C1366&amp;ssl=1 2048w, https:\/\/i0.wp.com\/plumalia.eu\/wp-content\/uploads\/2025\/03\/Merle-noir-pomme-4-scaled.jpg?w=1600&amp;ssl=1 1600w, https:\/\/i0.wp.com\/plumalia.eu\/wp-content\/uploads\/2025\/03\/Merle-noir-pomme-4-scaled.jpg?w=2400&amp;ssl=1 2400w\" sizes=\"auto, (max-width: 800px) 100vw, 800px\" data-recalc-dims=\"1\" \/><\/figure><\/div>\n\n\n<p style=\"font-size:13px\"><br>Beau m\u00e2le adulte arborant fi\u00e8rement sa couleur noire.<\/p>\n\n\n\n<p style=\"font-size:16px\">On observe son beau bec jaune ainsi que son cercle oculaire bien jaune.<\/p>\n\n\n<div class=\"wp-block-image\">\n<figure class=\"aligncenter size-full\"><img loading=\"lazy\" decoding=\"async\" width=\"800\" height=\"533\" src=\"https:\/\/i0.wp.com\/plumalia.eu\/wp-content\/uploads\/2025\/03\/Merle-noir-juvenile-28.jpg?resize=800%2C533&#038;ssl=1\" alt=\"\" class=\"wp-image-6584\" srcset=\"https:\/\/i0.wp.com\/plumalia.eu\/wp-content\/uploads\/2025\/03\/Merle-noir-juvenile-28.jpg?w=800&amp;ssl=1 800w, https:\/\/i0.wp.com\/plumalia.eu\/wp-content\/uploads\/2025\/03\/Merle-noir-juvenile-28.jpg?resize=300%2C200&amp;ssl=1 300w, https:\/\/i0.wp.com\/plumalia.eu\/wp-content\/uploads\/2025\/03\/Merle-noir-juvenile-28.jpg?resize=768%2C512&amp;ssl=1 768w\" sizes=\"auto, (max-width: 800px) 100vw, 800px\" data-recalc-dims=\"1\" \/><\/figure><\/div>\n\n\n<p style=\"font-size:16px\"><br><strong>Rixensart, le 18 mars 2025,<br>Bruno Marchal<\/strong><\/p>\n\n\n\n<p style=\"font-size:14px\">Textes et photos prot\u00e9g\u00e9s par<a href=\"https:\/\/plumalia.eu\/?p=90\">&nbsp;les l\u00e9gislations en vigueur<\/a>.<\/p>\n\n\n\n<p style=\"font-size:14px\">Mentions l\u00e9gales sur le RGPD,&nbsp;<a href=\"https:\/\/plumalia.eu\/?p=2443\">ici<\/a>.<br><br><strong>Auteur\/trice inconnu\/e, si vous le connaissiez, n&rsquo;h\u00e9sitez pas \u00e0 partager l&rsquo;information. Merci<\/strong><\/p>\n\n\n\n<p style=\"font-size:15px\"><br><strong>Une premi\u00e8re r\u00e9ponse d&rsquo;un ami, aid\u00e9 par l&rsquo;AI.<br>Origine de la l\u00e9gende du merle noir ou dor\u00e9,<br>Suivant ChatGPT, ce 22 mars 2025.<\/strong><br><br>L\u2019id\u00e9e que le merle \u00e9tait en or, vient d\u2019une l\u00e9gende m\u00e9di\u00e9vale.<br>Selon cette l\u00e9gende, le Merle noir aurait \u00e9t\u00e9 le seul oiseau \u00e0 ne pas chanter pendant le r\u00e8gne de J\u00e9sus sur terre.<br>En repr\u00e9sailles, il aurait \u00e9t\u00e9 condamn\u00e9 \u00e0 rester noir pour toujours. Exception du Vendredi Saint o\u00f9 il aurait eu la permission de se parer d\u2019une couleur dor\u00e9e.<br>Cette anecdote, symbolise la dualit\u00e9 entre le bien et le mal, la lumi\u00e8re et les t\u00e9n\u00e8bres.<br>Cette version est bien entendu, moins romanc\u00e9e&#8230;<br><br><strong>Deuxi\u00e8me explication :<\/strong><br>La l\u00e9gende du merle en or devenu noir est une histoire populaire qui a des origines dans diff\u00e9rentes cultures. Elle est souvent associ\u00e9e \u00e0 des th\u00e8mes de transformation, de perte et de r\u00e9demption.&nbsp;<\/p>\n\n\n\n<p>Dans certaines versions de la l\u00e9gende, le merle \u00e9tait autrefois un oiseau d&rsquo;or, symbolisant la beaut\u00e9, la richesse et la joie. Cependant, en raison d&rsquo;une erreur, d&rsquo;un acte de d\u00e9sob\u00e9issance ou d&rsquo;un ch\u00e2timent divin, il a \u00e9t\u00e9 transform\u00e9 en merle noir, perdant sa couleur dor\u00e9e. Ce changement peut \u00eatre interpr\u00e9t\u00e9 comme une m\u00e9taphore des cons\u00e9quences des actions humaines et de la fragilit\u00e9 de la beaut\u00e9.<\/p>\n\n\n\n<p style=\"font-size:15px\">La l\u00e9gende peut \u00e9galement aborder des th\u00e8mes d&rsquo;acceptation et de changement, montrant que m\u00eame apr\u00e8s une perte, il est possible de trouver de la beaut\u00e9 et de la valeur dans ce qui reste. Cette histoire a \u00e9t\u00e9 transmise \u00e0 travers les g\u00e9n\u00e9rations et a inspir\u00e9 de nombreuses \u0153uvres litt\u00e9raires et artistiques.<br><br><strong>Apr\u00e8s l&rsquo;envoi de la newsletter sur le sujet, Bern m&rsquo;a envoy\u00e9 cette belle phrase :<\/strong><br>\u00ab\u00a0Je vois et \u00e9coute les merles en vision d\u2019or maintenant , merci.\u00a0\u00bb<br>Merci \u00e0 toi Bern.<\/p>\n\n\n<div class=\"wp-block-image\">\n<figure class=\"aligncenter size-full\"><img loading=\"lazy\" decoding=\"async\" width=\"800\" height=\"533\" src=\"https:\/\/i0.wp.com\/plumalia.eu\/wp-content\/uploads\/2025\/03\/Merle-noir-5.jpg?resize=800%2C533&#038;ssl=1\" alt=\"\" class=\"wp-image-6586\" srcset=\"https:\/\/i0.wp.com\/plumalia.eu\/wp-content\/uploads\/2025\/03\/Merle-noir-5.jpg?w=800&amp;ssl=1 800w, https:\/\/i0.wp.com\/plumalia.eu\/wp-content\/uploads\/2025\/03\/Merle-noir-5.jpg?resize=300%2C200&amp;ssl=1 300w, https:\/\/i0.wp.com\/plumalia.eu\/wp-content\/uploads\/2025\/03\/Merle-noir-5.jpg?resize=768%2C512&amp;ssl=1 768w\" sizes=\"auto, (max-width: 800px) 100vw, 800px\" data-recalc-dims=\"1\" \/><\/figure><\/div>\n\n\n<p style=\"font-size:16px\"><br>Ne pas oublier de donner \u00e0 boire aux oiseaux en cas de canicule, merci.<\/p>\n\n\n<div class=\"wp-block-image\">\n<figure class=\"aligncenter size-full\"><img loading=\"lazy\" decoding=\"async\" width=\"800\" height=\"603\" src=\"https:\/\/i0.wp.com\/plumalia.eu\/wp-content\/uploads\/2025\/03\/Merle-a-plastron-05993.jpg?resize=800%2C603&#038;ssl=1\" alt=\"\" class=\"wp-image-6605\" srcset=\"https:\/\/i0.wp.com\/plumalia.eu\/wp-content\/uploads\/2025\/03\/Merle-a-plastron-05993.jpg?w=800&amp;ssl=1 800w, https:\/\/i0.wp.com\/plumalia.eu\/wp-content\/uploads\/2025\/03\/Merle-a-plastron-05993.jpg?resize=300%2C226&amp;ssl=1 300w, https:\/\/i0.wp.com\/plumalia.eu\/wp-content\/uploads\/2025\/03\/Merle-a-plastron-05993.jpg?resize=768%2C579&amp;ssl=1 768w\" sizes=\"auto, (max-width: 800px) 100vw, 800px\" data-recalc-dims=\"1\" \/><\/figure><\/div>\n\n\n<p><br>Le proche cousin du Merle noir, le Merle \u00e0 plastron, m\u00e2le ici.<\/p>\n\n\n<div class=\"wp-block-image\">\n<figure class=\"aligncenter size-full\"><img loading=\"lazy\" decoding=\"async\" width=\"800\" height=\"533\" src=\"https:\/\/i0.wp.com\/plumalia.eu\/wp-content\/uploads\/2025\/03\/Grive-musicienne-17.jpg?resize=800%2C533&#038;ssl=1\" alt=\"\" class=\"wp-image-6606\" srcset=\"https:\/\/i0.wp.com\/plumalia.eu\/wp-content\/uploads\/2025\/03\/Grive-musicienne-17.jpg?w=800&amp;ssl=1 800w, https:\/\/i0.wp.com\/plumalia.eu\/wp-content\/uploads\/2025\/03\/Grive-musicienne-17.jpg?resize=300%2C200&amp;ssl=1 300w, https:\/\/i0.wp.com\/plumalia.eu\/wp-content\/uploads\/2025\/03\/Grive-musicienne-17.jpg?resize=768%2C512&amp;ssl=1 768w\" sizes=\"auto, (max-width: 800px) 100vw, 800px\" data-recalc-dims=\"1\" \/><\/figure><\/div>\n\n\n<p><br>Sa cousine un peu plus \u00e9loign\u00e9e, la Grive musicienne et ses taches noire en forme de pointes de fl\u00e8ches.<\/p>\n\n\n<div class=\"wp-block-image\">\n<figure class=\"aligncenter size-full\"><img loading=\"lazy\" decoding=\"async\" width=\"800\" height=\"644\" src=\"https:\/\/i0.wp.com\/plumalia.eu\/wp-content\/uploads\/2025\/03\/Grive-draine-04367.jpg?resize=800%2C644&#038;ssl=1\" alt=\"\" class=\"wp-image-6607\" srcset=\"https:\/\/i0.wp.com\/plumalia.eu\/wp-content\/uploads\/2025\/03\/Grive-draine-04367.jpg?w=800&amp;ssl=1 800w, https:\/\/i0.wp.com\/plumalia.eu\/wp-content\/uploads\/2025\/03\/Grive-draine-04367.jpg?resize=300%2C242&amp;ssl=1 300w, https:\/\/i0.wp.com\/plumalia.eu\/wp-content\/uploads\/2025\/03\/Grive-draine-04367.jpg?resize=768%2C618&amp;ssl=1 768w\" sizes=\"auto, (max-width: 800px) 100vw, 800px\" data-recalc-dims=\"1\" \/><\/figure><\/div>\n\n\n<p><br>Une autre cousine \u00e9loign\u00e9e, la Grive draine avec ses joues bien d\u00e9limit\u00e9es et ses taches en formes de petits losanges noirs.<\/p>\n\n\n\n<script src=\"http:\/\/www.google-analytics.com\/urchin.js\" type=\"text\/javascript\">\n<\/script>\n<script type=\"text\/javascript\">\n_uacct = \"UA-2472264-1\";\nurchinTracker();\n<\/script>\n","protected":false},"excerpt":{"rendered":"<p>Oui, oui en or massif&#8230;<\/p>\n","protected":false},"author":2,"featured_media":6566,"comment_status":"closed","ping_status":"closed","sticky":false,"template":"","format":"standard","meta":{"_coblocks_attr":"","_coblocks_dimensions":"","_coblocks_responsive_height":"","_coblocks_accordion_ie_support":"","om_disable_all_campaigns":false,"_monsterinsights_skip_tracking":false,"_monsterinsights_sitenote_active":false,"_monsterinsights_sitenote_note":"","_monsterinsights_sitenote_category":0,"footnotes":""},"categories":[47,25],"tags":[],"class_list":["post-6564","post","type-post","status-publish","format-standard","has-post-thumbnail","hentry","category-archives-2025","category-vies-d-oiseaux"],"aioseo_notices":[],"jetpack_featured_media_url":"https:\/\/i0.wp.com\/plumalia.eu\/wp-content\/uploads\/2025\/03\/Merle-noir-bain-0255.jpg?fit=800%2C632&ssl=1","jetpack_sharing_enabled":true,"_links":{"self":[{"href":"https:\/\/plumalia.eu\/index.php?rest_route=\/wp\/v2\/posts\/6564","targetHints":{"allow":["GET"]}}],"collection":[{"href":"https:\/\/plumalia.eu\/index.php?rest_route=\/wp\/v2\/posts"}],"about":[{"href":"https:\/\/plumalia.eu\/index.php?rest_route=\/wp\/v2\/types\/post"}],"author":[{"embeddable":true,"href":"https:\/\/plumalia.eu\/index.php?rest_route=\/wp\/v2\/users\/2"}],"replies":[{"embeddable":true,"href":"https:\/\/plumalia.eu\/index.php?rest_route=%2Fwp%2Fv2%2Fcomments&post=6564"}],"version-history":[{"count":32,"href":"https:\/\/plumalia.eu\/index.php?rest_route=\/wp\/v2\/posts\/6564\/revisions"}],"predecessor-version":[{"id":6860,"href":"https:\/\/plumalia.eu\/index.php?rest_route=\/wp\/v2\/posts\/6564\/revisions\/6860"}],"wp:featuredmedia":[{"embeddable":true,"href":"https:\/\/plumalia.eu\/index.php?rest_route=\/wp\/v2\/media\/6566"}],"wp:attachment":[{"href":"https:\/\/plumalia.eu\/index.php?rest_route=%2Fwp%2Fv2%2Fmedia&parent=6564"}],"wp:term":[{"taxonomy":"category","embeddable":true,"href":"https:\/\/plumalia.eu\/index.php?rest_route=%2Fwp%2Fv2%2Fcategories&post=6564"},{"taxonomy":"post_tag","embeddable":true,"href":"https:\/\/plumalia.eu\/index.php?rest_route=%2Fwp%2Fv2%2Ftags&post=6564"}],"curies":[{"name":"wp","href":"https:\/\/api.w.org\/{rel}","templated":true}]}}