{"id":4987,"date":"2022-07-27T12:16:53","date_gmt":"2022-07-27T10:16:53","guid":{"rendered":"https:\/\/plumalia.eu\/?p=4987"},"modified":"2025-05-03T10:46:06","modified_gmt":"2025-05-03T08:46:06","slug":"particularite-chez-certains-passereaux-mais-laquelle","status":"publish","type":"post","link":"https:\/\/plumalia.eu\/?p=4987","title":{"rendered":"Certains passereaux ont une particularit\u00e9 commune. Mais laquelle ?"},"content":{"rendered":"\n<h3 class=\"wp-block-heading\">Peut-\u00eatre que vous aviez d\u00e9j\u00e0 remarqu\u00e9 ce d\u00e9tail chez plusieurs de nos passereaux, avec vos longues focales (jumelles, longues-vue ou objectifs photos&#8230;).<br>Regardez attentivement les trois portraits d&rsquo;oiseaux ci-dessous. <br>Remarquez-vous un point commun \u00e0 ces 4 esp\u00e8ces ?<br>Esp\u00e8ces tr\u00e8s disparates comme un accenteur, un bouvreuil, un bruant et un bruant Nord am\u00e9ricain.<\/h3>\n\n\n\n<h4 class=\"wp-block-heading has-text-align-right\">Bruno Marchal &#8211; Plumalia<br>Textes et photos prot\u00e9g\u00e9s par les l\u00e9gislations en vigueur.<\/h4>\n\n\n<div class=\"wp-block-image\">\n<figure class=\"aligncenter size-large\"><img loading=\"lazy\" decoding=\"async\" width=\"800\" height=\"564\" src=\"https:\/\/i0.wp.com\/plumalia.eu\/wp-content\/uploads\/2022\/07\/Accenteur-mouchet-03876.jpg?resize=800%2C564&#038;ssl=1\" alt=\"\" class=\"wp-image-4991\" srcset=\"https:\/\/i0.wp.com\/plumalia.eu\/wp-content\/uploads\/2022\/07\/Accenteur-mouchet-03876.jpg?w=1000&amp;ssl=1 1000w, https:\/\/i0.wp.com\/plumalia.eu\/wp-content\/uploads\/2022\/07\/Accenteur-mouchet-03876.jpg?resize=300%2C212&amp;ssl=1 300w, https:\/\/i0.wp.com\/plumalia.eu\/wp-content\/uploads\/2022\/07\/Accenteur-mouchet-03876.jpg?resize=768%2C541&amp;ssl=1 768w\" sizes=\"auto, (max-width: 800px) 100vw, 800px\" data-recalc-dims=\"1\" \/><figcaption class=\"wp-element-caption\">Accenteur mouchet adulte (oeil avec iris brun) &#8211; <em>Prunella modularis<\/em>.<br><br> SVP, Les nombreux clich\u00e9s risquent de prendre un peu de temps \u00e0 l&rsquo;ouverture, patientez quelques secondes pour leurs chargements, MERCI.<\/figcaption><\/figure><\/div>\n\n<div class=\"wp-block-image\">\n<figure class=\"aligncenter size-full\"><img loading=\"lazy\" decoding=\"async\" width=\"800\" height=\"532\" src=\"https:\/\/i0.wp.com\/plumalia.eu\/wp-content\/uploads\/2022\/09\/Bec-croise-des-sapins-03031.jpg?resize=800%2C532&#038;ssl=1\" alt=\"\" class=\"wp-image-5291\" srcset=\"https:\/\/i0.wp.com\/plumalia.eu\/wp-content\/uploads\/2022\/09\/Bec-croise-des-sapins-03031.jpg?w=900&amp;ssl=1 900w, https:\/\/i0.wp.com\/plumalia.eu\/wp-content\/uploads\/2022\/09\/Bec-croise-des-sapins-03031.jpg?resize=300%2C200&amp;ssl=1 300w, https:\/\/i0.wp.com\/plumalia.eu\/wp-content\/uploads\/2022\/09\/Bec-croise-des-sapins-03031.jpg?resize=768%2C511&amp;ssl=1 768w\" sizes=\"auto, (max-width: 800px) 100vw, 800px\" data-recalc-dims=\"1\" \/><figcaption class=\"wp-element-caption\">Les Bec-crois\u00e9s des sapins &#8211; <em>Loxia curvirostra<\/em> ont aussi cette particularit\u00e9, clich\u00e9 du 22 septembre 2022.<\/figcaption><\/figure><\/div>\n\n<div class=\"wp-block-image\">\n<figure class=\"aligncenter size-full\"><img loading=\"lazy\" decoding=\"async\" width=\"800\" height=\"547\" src=\"https:\/\/i0.wp.com\/plumalia.eu\/wp-content\/uploads\/2022\/10\/Bec-croise-des-sapins-08540.jpg?resize=800%2C547&#038;ssl=1\" alt=\"\" class=\"wp-image-5300\" srcset=\"https:\/\/i0.wp.com\/plumalia.eu\/wp-content\/uploads\/2022\/10\/Bec-croise-des-sapins-08540.jpg?w=900&amp;ssl=1 900w, https:\/\/i0.wp.com\/plumalia.eu\/wp-content\/uploads\/2022\/10\/Bec-croise-des-sapins-08540.jpg?resize=300%2C205&amp;ssl=1 300w, https:\/\/i0.wp.com\/plumalia.eu\/wp-content\/uploads\/2022\/10\/Bec-croise-des-sapins-08540.jpg?resize=768%2C525&amp;ssl=1 768w\" sizes=\"auto, (max-width: 800px) 100vw, 800px\" data-recalc-dims=\"1\" \/><figcaption class=\"wp-element-caption\">Un m\u00e2le de Bec-crois\u00e9 des sapins, clich\u00e9 d&rsquo;octobre 2022.<\/figcaption><\/figure><\/div>\n\n<div class=\"wp-block-image\">\n<figure class=\"aligncenter size-full\"><img loading=\"lazy\" decoding=\"async\" width=\"800\" height=\"515\" src=\"https:\/\/i0.wp.com\/plumalia.eu\/wp-content\/uploads\/2022\/07\/Bergeronnette-des-ruisseaux-poils-.jpg?resize=800%2C515&#038;ssl=1\" alt=\"\" class=\"wp-image-6502\" srcset=\"https:\/\/i0.wp.com\/plumalia.eu\/wp-content\/uploads\/2022\/07\/Bergeronnette-des-ruisseaux-poils-.jpg?w=800&amp;ssl=1 800w, https:\/\/i0.wp.com\/plumalia.eu\/wp-content\/uploads\/2022\/07\/Bergeronnette-des-ruisseaux-poils-.jpg?resize=300%2C193&amp;ssl=1 300w, https:\/\/i0.wp.com\/plumalia.eu\/wp-content\/uploads\/2022\/07\/Bergeronnette-des-ruisseaux-poils-.jpg?resize=768%2C494&amp;ssl=1 768w\" sizes=\"auto, (max-width: 800px) 100vw, 800px\" data-recalc-dims=\"1\" \/><\/figure><\/div>\n\n\n<p><br>Bergeronnette des ruisseaux &#8211; <em>Motacilla cinerea<\/em>, premi\u00e8re ann\u00e9e (2024).<\/p>\n\n\n<div class=\"wp-block-image\">\n<figure class=\"aligncenter size-large\"><img loading=\"lazy\" decoding=\"async\" width=\"800\" height=\"538\" src=\"https:\/\/i0.wp.com\/plumalia.eu\/wp-content\/uploads\/2022\/07\/Bruant-chanteur-05844.jpg?resize=800%2C538&#038;ssl=1\" alt=\"\" class=\"wp-image-4993\" srcset=\"https:\/\/i0.wp.com\/plumalia.eu\/wp-content\/uploads\/2022\/07\/Bruant-chanteur-05844.jpg?w=1000&amp;ssl=1 1000w, https:\/\/i0.wp.com\/plumalia.eu\/wp-content\/uploads\/2022\/07\/Bruant-chanteur-05844.jpg?resize=300%2C202&amp;ssl=1 300w, https:\/\/i0.wp.com\/plumalia.eu\/wp-content\/uploads\/2022\/07\/Bruant-chanteur-05844.jpg?resize=768%2C516&amp;ssl=1 768w\" sizes=\"auto, (max-width: 800px) 100vw, 800px\" data-recalc-dims=\"1\" \/><figcaption class=\"wp-element-caption\">Bruant chanteur &#8211; <em>Melospiza melodia<\/em>, originaire de l&rsquo;Am\u00e9rique du Nord.<\/figcaption><\/figure><\/div>\n\n<div class=\"wp-block-image\">\n<figure class=\"aligncenter size-large\"><img loading=\"lazy\" decoding=\"async\" width=\"800\" height=\"530\" src=\"https:\/\/i0.wp.com\/plumalia.eu\/wp-content\/uploads\/2022\/07\/Bouvreuil-pivoine-5025.jpg?resize=800%2C530&#038;ssl=1\" alt=\"\" class=\"wp-image-4992\" srcset=\"https:\/\/i0.wp.com\/plumalia.eu\/wp-content\/uploads\/2022\/07\/Bouvreuil-pivoine-5025.jpg?w=1000&amp;ssl=1 1000w, https:\/\/i0.wp.com\/plumalia.eu\/wp-content\/uploads\/2022\/07\/Bouvreuil-pivoine-5025.jpg?resize=300%2C199&amp;ssl=1 300w, https:\/\/i0.wp.com\/plumalia.eu\/wp-content\/uploads\/2022\/07\/Bouvreuil-pivoine-5025.jpg?resize=768%2C509&amp;ssl=1 768w\" sizes=\"auto, (max-width: 800px) 100vw, 800px\" data-recalc-dims=\"1\" \/><figcaption class=\"wp-element-caption\">Bouvreuil pivoine &#8211; <em>Pyrrhula pyrrhula<\/em>, adulte m\u00e2le.<\/figcaption><\/figure><\/div>\n\n\n<figure class=\"wp-block-image size-large\"><img loading=\"lazy\" decoding=\"async\" width=\"800\" height=\"653\" src=\"https:\/\/i0.wp.com\/plumalia.eu\/wp-content\/uploads\/2022\/07\/Bouvreuil-pivoine-femelle-9011.jpg?resize=800%2C653&#038;ssl=1\" alt=\"\" class=\"wp-image-4995\" srcset=\"https:\/\/i0.wp.com\/plumalia.eu\/wp-content\/uploads\/2022\/07\/Bouvreuil-pivoine-femelle-9011.jpg?w=1000&amp;ssl=1 1000w, https:\/\/i0.wp.com\/plumalia.eu\/wp-content\/uploads\/2022\/07\/Bouvreuil-pivoine-femelle-9011.jpg?resize=300%2C245&amp;ssl=1 300w, https:\/\/i0.wp.com\/plumalia.eu\/wp-content\/uploads\/2022\/07\/Bouvreuil-pivoine-femelle-9011.jpg?resize=768%2C627&amp;ssl=1 768w\" sizes=\"auto, (max-width: 800px) 100vw, 800px\" data-recalc-dims=\"1\" \/><figcaption class=\"wp-element-caption\">On remarquera aussi ce d\u00e9tail chez la femelle bouvreuil.<br><br><a href=\"https:\/\/plumalia.eu\/?p=90\">Photos prot\u00e9g\u00e9es par la l\u00e9gislation en vigueur.<\/a><br><br><strong>Jouez le jeu SVP, n&rsquo;allez pas trop vite voir la r\u00e9ponse.<\/strong><\/figcaption><\/figure>\n\n\n<div class=\"wp-block-image\">\n<figure class=\"aligncenter size-large\"><img loading=\"lazy\" decoding=\"async\" width=\"800\" height=\"534\" src=\"https:\/\/i0.wp.com\/plumalia.eu\/wp-content\/uploads\/2022\/07\/Bruant-jaune-jeune-09409-1.jpg?resize=800%2C534&#038;ssl=1\" alt=\"\" class=\"wp-image-5076\" srcset=\"https:\/\/i0.wp.com\/plumalia.eu\/wp-content\/uploads\/2022\/07\/Bruant-jaune-jeune-09409-1.jpg?w=1000&amp;ssl=1 1000w, https:\/\/i0.wp.com\/plumalia.eu\/wp-content\/uploads\/2022\/07\/Bruant-jaune-jeune-09409-1.jpg?resize=300%2C200&amp;ssl=1 300w, https:\/\/i0.wp.com\/plumalia.eu\/wp-content\/uploads\/2022\/07\/Bruant-jaune-jeune-09409-1.jpg?resize=768%2C513&amp;ssl=1 768w\" sizes=\"auto, (max-width: 800px) 100vw, 800px\" data-recalc-dims=\"1\" \/><figcaption class=\"wp-element-caption\">\u2026 et un dernier pour la route, un jeune Bruant jaune \u2013 <em>Emberiza citrinella.<\/em><br> Chez les Bruants jaunes, aussi bien le m\u00e2le que la femelle et m\u00eame les jeunes ont cette particularit\u00e9.<\/figcaption><\/figure><\/div>\n\n\n<p><br>Voil\u00e0, vous avez trouv\u00e9, j&rsquo;en suis s\u00fbr&#8230; En observant la t\u00eate des passereaux pr\u00e9sent\u00e9s, on aper\u00e7oit des \u00ab\u00a0poils\u00a0\u00bb dans leur nuque, \u00e0 peu pr\u00e8s dans l&rsquo;alignement de l&rsquo;horizontale du bec. <br>Il est plus que certain que ces \u00ab\u00a0poils\u00a0\u00bb sont plut\u00f4t des plumes \u00ab\u00a0sp\u00e9ciales\u00a0\u00bb. <br>Nous parlerons quand m\u00eame de <strong>\u00ab\u00a04 poils dans la nuque\u00a0\u00bb<\/strong>.<br>Observant cette particularit\u00e9 depuis quelques ann\u00e9es, vous trouverez ci-dessous quelques esp\u00e8ces ayant, ou non, cette particularit\u00e9.<br>Ce d\u00e9tail apparait chez certaines esp\u00e8ces aussi bien chez la femelle que chez le m\u00e2le et m\u00eames chez les jeunes.<br>Vous trouverez ci-dessous d&rsquo;autres esp\u00e8ces pr\u00e9sent\u00e9es par ordre alphab\u00e9tique, pr\u00e9sentant cette particularit\u00e9.<br>Sauf indication contraire, les clich\u00e9s ont \u00e9t\u00e9 r\u00e9alis\u00e9 en Belgique.<br>Bonnes d\u00e9couvertes.<\/p>\n\n\n<div class=\"wp-block-image\">\n<figure class=\"aligncenter size-large\"><img loading=\"lazy\" decoding=\"async\" width=\"800\" height=\"522\" src=\"https:\/\/i0.wp.com\/plumalia.eu\/wp-content\/uploads\/2022\/07\/Chardonneret-elegant-07659.jpg?resize=800%2C522&#038;ssl=1\" alt=\"\" class=\"wp-image-5002\" srcset=\"https:\/\/i0.wp.com\/plumalia.eu\/wp-content\/uploads\/2022\/07\/Chardonneret-elegant-07659.jpg?w=1000&amp;ssl=1 1000w, https:\/\/i0.wp.com\/plumalia.eu\/wp-content\/uploads\/2022\/07\/Chardonneret-elegant-07659.jpg?resize=300%2C196&amp;ssl=1 300w, https:\/\/i0.wp.com\/plumalia.eu\/wp-content\/uploads\/2022\/07\/Chardonneret-elegant-07659.jpg?resize=768%2C502&amp;ssl=1 768w\" sizes=\"auto, (max-width: 800px) 100vw, 800px\" data-recalc-dims=\"1\" \/><figcaption class=\"wp-element-caption\">Un chardonneret m\u00e2le.<br>Il semblerait qu&rsquo;il y ait 2 poils de chaque c\u00f4t\u00e9 de la nuque avec cette photo, \u00e0 suivre&#8230;<\/figcaption><\/figure><\/div>\n\n<div class=\"wp-block-image\">\n<figure class=\"aligncenter size-large\"><img loading=\"lazy\" decoding=\"async\" width=\"800\" height=\"542\" src=\"https:\/\/i0.wp.com\/plumalia.eu\/wp-content\/uploads\/2022\/07\/Chardonneret-elegant-5986-1.jpg?resize=800%2C542&#038;ssl=1\" alt=\"\" class=\"wp-image-5003\" srcset=\"https:\/\/i0.wp.com\/plumalia.eu\/wp-content\/uploads\/2022\/07\/Chardonneret-elegant-5986-1.jpg?w=1000&amp;ssl=1 1000w, https:\/\/i0.wp.com\/plumalia.eu\/wp-content\/uploads\/2022\/07\/Chardonneret-elegant-5986-1.jpg?resize=300%2C203&amp;ssl=1 300w, https:\/\/i0.wp.com\/plumalia.eu\/wp-content\/uploads\/2022\/07\/Chardonneret-elegant-5986-1.jpg?resize=768%2C521&amp;ssl=1 768w\" sizes=\"auto, (max-width: 800px) 100vw, 800px\" data-recalc-dims=\"1\" \/><figcaption class=\"wp-element-caption\">Sous un autre angle de vue. Probablement une femelle ici. Le rouge du front ne d\u00e9passant que tr\u00e8s l\u00e9g\u00e8rement l&rsquo;arri\u00e8re de l&rsquo;oeil.<\/figcaption><\/figure><\/div>\n\n\n<figure class=\"wp-block-image size-full\"><img loading=\"lazy\" decoding=\"async\" width=\"800\" height=\"589\" src=\"https:\/\/i0.wp.com\/plumalia.eu\/wp-content\/uploads\/2023\/01\/Bruant-jaune-02726.jpg?resize=800%2C589&#038;ssl=1\" alt=\"\" class=\"wp-image-5361\" srcset=\"https:\/\/i0.wp.com\/plumalia.eu\/wp-content\/uploads\/2023\/01\/Bruant-jaune-02726.jpg?w=900&amp;ssl=1 900w, https:\/\/i0.wp.com\/plumalia.eu\/wp-content\/uploads\/2023\/01\/Bruant-jaune-02726.jpg?resize=300%2C221&amp;ssl=1 300w, https:\/\/i0.wp.com\/plumalia.eu\/wp-content\/uploads\/2023\/01\/Bruant-jaune-02726.jpg?resize=768%2C566&amp;ssl=1 768w\" sizes=\"auto, (max-width: 800px) 100vw, 800px\" data-recalc-dims=\"1\" \/><figcaption class=\"wp-element-caption\">Chez le Bruant jaune &#8211; <em>Emberiza citrinella<\/em> aussi, il semble aussi y avoir 2 poils de chaque c\u00f4t\u00e9 de la nuque, \u00e0 suivre.<\/figcaption><\/figure>\n\n\n\n<figure class=\"wp-block-image size-full\"><img loading=\"lazy\" decoding=\"async\" width=\"800\" height=\"533\" src=\"https:\/\/i0.wp.com\/plumalia.eu\/wp-content\/uploads\/2022\/07\/Cheveche-dAthena-filoplumes-0787.jpg?resize=800%2C533&#038;ssl=1\" alt=\"\" class=\"wp-image-6795\" srcset=\"https:\/\/i0.wp.com\/plumalia.eu\/wp-content\/uploads\/2022\/07\/Cheveche-dAthena-filoplumes-0787.jpg?w=800&amp;ssl=1 800w, https:\/\/i0.wp.com\/plumalia.eu\/wp-content\/uploads\/2022\/07\/Cheveche-dAthena-filoplumes-0787.jpg?resize=300%2C200&amp;ssl=1 300w, https:\/\/i0.wp.com\/plumalia.eu\/wp-content\/uploads\/2022\/07\/Cheveche-dAthena-filoplumes-0787.jpg?resize=768%2C512&amp;ssl=1 768w\" sizes=\"auto, (max-width: 800px) 100vw, 800px\" data-recalc-dims=\"1\" \/><\/figure>\n\n\n\n<p><br>Peut-\u00eatre aussi pr\u00e9sent chez la Chev\u00eache d&rsquo;Ath\u00e9na&#8230;<\/p>\n\n\n<div class=\"wp-block-image\">\n<figure class=\"aligncenter size-large\"><img loading=\"lazy\" decoding=\"async\" width=\"800\" height=\"518\" src=\"https:\/\/i0.wp.com\/plumalia.eu\/wp-content\/uploads\/2022\/07\/Cincle-plongeur-01962.jpg?resize=800%2C518&#038;ssl=1\" alt=\"\" class=\"wp-image-5004\" srcset=\"https:\/\/i0.wp.com\/plumalia.eu\/wp-content\/uploads\/2022\/07\/Cincle-plongeur-01962.jpg?w=1000&amp;ssl=1 1000w, https:\/\/i0.wp.com\/plumalia.eu\/wp-content\/uploads\/2022\/07\/Cincle-plongeur-01962.jpg?resize=300%2C194&amp;ssl=1 300w, https:\/\/i0.wp.com\/plumalia.eu\/wp-content\/uploads\/2022\/07\/Cincle-plongeur-01962.jpg?resize=768%2C498&amp;ssl=1 768w\" sizes=\"auto, (max-width: 800px) 100vw, 800px\" data-recalc-dims=\"1\" \/><figcaption class=\"wp-element-caption\">Cincle plongeur &#8211; <em>Cinclus cinclus<\/em> aussi pr\u00e9sence de 4 poils..<br><br>D\u00e9sol\u00e9 pour la qualit\u00e9 de certaines photos, mais certaines sont fortement agrandies pour pouvoir voir les d\u00e9tails. <br><br>D\u00e9sol\u00e9 aussi pour l&rsquo;effet r\u00e9p\u00e9titif de cet article, mais il fallait des preuves concr\u00e8tes pour appuyer ces dires.<br><\/figcaption><\/figure><\/div>\n\n<div class=\"wp-block-image\">\n<figure class=\"aligncenter size-large\"><img loading=\"lazy\" decoding=\"async\" width=\"800\" height=\"585\" src=\"https:\/\/i0.wp.com\/plumalia.eu\/wp-content\/uploads\/2022\/07\/Cincle-plongeur-01777.jpg?resize=800%2C585&#038;ssl=1\" alt=\"\" class=\"wp-image-5007\" srcset=\"https:\/\/i0.wp.com\/plumalia.eu\/wp-content\/uploads\/2022\/07\/Cincle-plongeur-01777.jpg?w=1000&amp;ssl=1 1000w, https:\/\/i0.wp.com\/plumalia.eu\/wp-content\/uploads\/2022\/07\/Cincle-plongeur-01777.jpg?resize=300%2C219&amp;ssl=1 300w, https:\/\/i0.wp.com\/plumalia.eu\/wp-content\/uploads\/2022\/07\/Cincle-plongeur-01777.jpg?resize=768%2C561&amp;ssl=1 768w\" sizes=\"auto, (max-width: 800px) 100vw, 800px\" data-recalc-dims=\"1\" \/><figcaption class=\"wp-element-caption\">Chez le jeune cincle aussi, les 4 poils existent.<\/figcaption><\/figure><\/div>\n\n<div class=\"wp-block-image\">\n<figure class=\"aligncenter size-large\"><img loading=\"lazy\" decoding=\"async\" width=\"800\" height=\"560\" src=\"https:\/\/i0.wp.com\/plumalia.eu\/wp-content\/uploads\/2022\/07\/Gobemouche-noir-09722.jpg?resize=800%2C560&#038;ssl=1\" alt=\"\" class=\"wp-image-5009\" srcset=\"https:\/\/i0.wp.com\/plumalia.eu\/wp-content\/uploads\/2022\/07\/Gobemouche-noir-09722.jpg?w=1000&amp;ssl=1 1000w, https:\/\/i0.wp.com\/plumalia.eu\/wp-content\/uploads\/2022\/07\/Gobemouche-noir-09722.jpg?resize=300%2C210&amp;ssl=1 300w, https:\/\/i0.wp.com\/plumalia.eu\/wp-content\/uploads\/2022\/07\/Gobemouche-noir-09722.jpg?resize=768%2C538&amp;ssl=1 768w\" sizes=\"auto, (max-width: 800px) 100vw, 800px\" data-recalc-dims=\"1\" \/><figcaption class=\"wp-element-caption\">Chez le Gobemouche gris &#8211; <em>Muscicapa striata<\/em>.<\/figcaption><\/figure><\/div>\n\n\n<figure class=\"wp-block-image size-full\"><img loading=\"lazy\" decoding=\"async\" width=\"800\" height=\"534\" src=\"https:\/\/i0.wp.com\/plumalia.eu\/wp-content\/uploads\/2022\/08\/Gobemouche-noir-07016.jpg?resize=800%2C534&#038;ssl=1\" alt=\"\" class=\"wp-image-5207\" srcset=\"https:\/\/i0.wp.com\/plumalia.eu\/wp-content\/uploads\/2022\/08\/Gobemouche-noir-07016.jpg?w=1000&amp;ssl=1 1000w, https:\/\/i0.wp.com\/plumalia.eu\/wp-content\/uploads\/2022\/08\/Gobemouche-noir-07016.jpg?resize=300%2C200&amp;ssl=1 300w, https:\/\/i0.wp.com\/plumalia.eu\/wp-content\/uploads\/2022\/08\/Gobemouche-noir-07016.jpg?resize=768%2C512&amp;ssl=1 768w\" sizes=\"auto, (max-width: 800px) 100vw, 800px\" data-recalc-dims=\"1\" \/><figcaption class=\"wp-element-caption\">Chez le jeune ou la femelle de Gobemouche noir &#8211;<em> Ficedula hypoleuca<\/em>.<\/figcaption><\/figure>\n\n\n<div class=\"wp-block-image\">\n<figure class=\"aligncenter size-full\"><img loading=\"lazy\" decoding=\"async\" width=\"800\" height=\"533\" src=\"https:\/\/i0.wp.com\/plumalia.eu\/wp-content\/uploads\/2022\/08\/Gobemouche-noir-07030.jpg?resize=800%2C533&#038;ssl=1\" alt=\"\" class=\"wp-image-5209\" srcset=\"https:\/\/i0.wp.com\/plumalia.eu\/wp-content\/uploads\/2022\/08\/Gobemouche-noir-07030.jpg?w=1000&amp;ssl=1 1000w, https:\/\/i0.wp.com\/plumalia.eu\/wp-content\/uploads\/2022\/08\/Gobemouche-noir-07030.jpg?resize=300%2C200&amp;ssl=1 300w, https:\/\/i0.wp.com\/plumalia.eu\/wp-content\/uploads\/2022\/08\/Gobemouche-noir-07030.jpg?resize=768%2C511&amp;ssl=1 768w\" sizes=\"auto, (max-width: 800px) 100vw, 800px\" data-recalc-dims=\"1\" \/><figcaption class=\"wp-element-caption\">Sous un autre angle, toujours un Gobemouche noir.<\/figcaption><\/figure><\/div>\n\n<div class=\"wp-block-image\">\n<figure class=\"aligncenter size-large\"><img loading=\"lazy\" decoding=\"async\" width=\"800\" height=\"532\" src=\"https:\/\/i0.wp.com\/plumalia.eu\/wp-content\/uploads\/2022\/07\/Grand-Corbeau-01810.jpg?resize=800%2C532&#038;ssl=1\" alt=\"\" class=\"wp-image-5091\" srcset=\"https:\/\/i0.wp.com\/plumalia.eu\/wp-content\/uploads\/2022\/07\/Grand-Corbeau-01810.jpg?w=1000&amp;ssl=1 1000w, https:\/\/i0.wp.com\/plumalia.eu\/wp-content\/uploads\/2022\/07\/Grand-Corbeau-01810.jpg?resize=300%2C200&amp;ssl=1 300w, https:\/\/i0.wp.com\/plumalia.eu\/wp-content\/uploads\/2022\/07\/Grand-Corbeau-01810.jpg?resize=768%2C511&amp;ssl=1 768w\" sizes=\"auto, (max-width: 800px) 100vw, 800px\" data-recalc-dims=\"1\" \/><figcaption class=\"wp-element-caption\">Peut-\u00eatre aussi chez le Grand Corbeau &#8211;<em> Corvus frugilegus<\/em>. \u00c0 suivre parce qu&rsquo;ici, c&rsquo;est plus bas dans la nuque semble-t-il.<\/figcaption><\/figure><\/div>\n\n\n<figure class=\"wp-block-image size-full\"><img loading=\"lazy\" decoding=\"async\" width=\"800\" height=\"571\" src=\"https:\/\/i0.wp.com\/plumalia.eu\/wp-content\/uploads\/2022\/08\/Grand-Corbeau-b-05608.jpg?resize=800%2C571&#038;ssl=1\" alt=\"\" class=\"wp-image-5201\" srcset=\"https:\/\/i0.wp.com\/plumalia.eu\/wp-content\/uploads\/2022\/08\/Grand-Corbeau-b-05608.jpg?w=800&amp;ssl=1 800w, https:\/\/i0.wp.com\/plumalia.eu\/wp-content\/uploads\/2022\/08\/Grand-Corbeau-b-05608.jpg?resize=300%2C214&amp;ssl=1 300w, https:\/\/i0.wp.com\/plumalia.eu\/wp-content\/uploads\/2022\/08\/Grand-Corbeau-b-05608.jpg?resize=768%2C548&amp;ssl=1 768w\" sizes=\"auto, (max-width: 800px) 100vw, 800px\" data-recalc-dims=\"1\" \/><figcaption class=\"wp-element-caption\">Tr\u00e8s difficile \u00e0 se faire une id\u00e9e. Peut-\u00eatre que sur quelques prochaines photos&#8230;<\/figcaption><\/figure>\n\n\n<div class=\"wp-block-image\">\n<figure class=\"aligncenter size-large\"><img loading=\"lazy\" decoding=\"async\" width=\"682\" height=\"1024\" src=\"https:\/\/i0.wp.com\/plumalia.eu\/wp-content\/uploads\/2022\/08\/Grand-Corbeau-06278.jpg?resize=682%2C1024&#038;ssl=1\" alt=\"\" class=\"wp-image-5203\" srcset=\"https:\/\/i0.wp.com\/plumalia.eu\/wp-content\/uploads\/2022\/08\/Grand-Corbeau-06278.jpg?resize=682%2C1024&amp;ssl=1 682w, https:\/\/i0.wp.com\/plumalia.eu\/wp-content\/uploads\/2022\/08\/Grand-Corbeau-06278.jpg?resize=200%2C300&amp;ssl=1 200w, https:\/\/i0.wp.com\/plumalia.eu\/wp-content\/uploads\/2022\/08\/Grand-Corbeau-06278.jpg?w=700&amp;ssl=1 700w\" sizes=\"auto, (max-width: 682px) 100vw, 682px\" data-recalc-dims=\"1\" \/><figcaption class=\"wp-element-caption\">Ce clich\u00e9 est troublant&#8230; Les recherches continuent.<\/figcaption><\/figure><\/div>\n\n<div class=\"wp-block-image\">\n<figure class=\"aligncenter size-large\"><img loading=\"lazy\" decoding=\"async\" width=\"800\" height=\"533\" src=\"https:\/\/i0.wp.com\/plumalia.eu\/wp-content\/uploads\/2022\/07\/Grive-draine-09905.jpg?resize=800%2C533&#038;ssl=1\" alt=\"\" class=\"wp-image-5013\" srcset=\"https:\/\/i0.wp.com\/plumalia.eu\/wp-content\/uploads\/2022\/07\/Grive-draine-09905.jpg?w=1000&amp;ssl=1 1000w, https:\/\/i0.wp.com\/plumalia.eu\/wp-content\/uploads\/2022\/07\/Grive-draine-09905.jpg?resize=300%2C200&amp;ssl=1 300w, https:\/\/i0.wp.com\/plumalia.eu\/wp-content\/uploads\/2022\/07\/Grive-draine-09905.jpg?resize=768%2C511&amp;ssl=1 768w\" sizes=\"auto, (max-width: 800px) 100vw, 800px\" data-recalc-dims=\"1\" \/><figcaption class=\"wp-element-caption\">Peu visibles chez cette Grive draine &#8211; <em>Tordus viscivorus<\/em>. <\/figcaption><\/figure><\/div>\n\n\n<figure class=\"wp-block-image size-large\"><img loading=\"lazy\" decoding=\"async\" width=\"800\" height=\"532\" src=\"https:\/\/i0.wp.com\/plumalia.eu\/wp-content\/uploads\/2022\/08\/Grive-draine-03315.jpg?resize=800%2C532&#038;ssl=1\" alt=\"\" class=\"wp-image-5119\" srcset=\"https:\/\/i0.wp.com\/plumalia.eu\/wp-content\/uploads\/2022\/08\/Grive-draine-03315.jpg?w=1000&amp;ssl=1 1000w, https:\/\/i0.wp.com\/plumalia.eu\/wp-content\/uploads\/2022\/08\/Grive-draine-03315.jpg?resize=300%2C200&amp;ssl=1 300w, https:\/\/i0.wp.com\/plumalia.eu\/wp-content\/uploads\/2022\/08\/Grive-draine-03315.jpg?resize=768%2C511&amp;ssl=1 768w\" sizes=\"auto, (max-width: 800px) 100vw, 800px\" data-recalc-dims=\"1\" \/><figcaption class=\"wp-element-caption\">Bien visibles sur cette jeune Grive draine &#8211; <em>Tordus viscivorus<\/em>. Clich\u00e9 du 1er ao\u00fbt 2022.<\/figcaption><\/figure>\n\n\n<div class=\"wp-block-image\">\n<figure class=\"aligncenter size-full\"><img loading=\"lazy\" decoding=\"async\" width=\"800\" height=\"533\" src=\"https:\/\/i0.wp.com\/plumalia.eu\/wp-content\/uploads\/2022\/11\/Grive-mauvis-08241.jpg?resize=800%2C533&#038;ssl=1\" alt=\"\" class=\"wp-image-5328\" srcset=\"https:\/\/i0.wp.com\/plumalia.eu\/wp-content\/uploads\/2022\/11\/Grive-mauvis-08241.jpg?w=900&amp;ssl=1 900w, https:\/\/i0.wp.com\/plumalia.eu\/wp-content\/uploads\/2022\/11\/Grive-mauvis-08241.jpg?resize=300%2C200&amp;ssl=1 300w, https:\/\/i0.wp.com\/plumalia.eu\/wp-content\/uploads\/2022\/11\/Grive-mauvis-08241.jpg?resize=768%2C512&amp;ssl=1 768w\" sizes=\"auto, (max-width: 800px) 100vw, 800px\" data-recalc-dims=\"1\" \/><figcaption class=\"wp-element-caption\">Visible dans la nuque de cette Grive mauvis &#8211; <em>Tordus iliacus<\/em>. Photo de novembre 2022.<\/figcaption><\/figure><\/div>\n\n<div class=\"wp-block-image\">\n<figure class=\"aligncenter size-large\"><img loading=\"lazy\" decoding=\"async\" width=\"800\" height=\"557\" src=\"https:\/\/i0.wp.com\/plumalia.eu\/wp-content\/uploads\/2022\/07\/Grive-musicienne-00347.jpg?resize=800%2C557&#038;ssl=1\" alt=\"\" class=\"wp-image-5014\" srcset=\"https:\/\/i0.wp.com\/plumalia.eu\/wp-content\/uploads\/2022\/07\/Grive-musicienne-00347.jpg?w=1000&amp;ssl=1 1000w, https:\/\/i0.wp.com\/plumalia.eu\/wp-content\/uploads\/2022\/07\/Grive-musicienne-00347.jpg?resize=300%2C209&amp;ssl=1 300w, https:\/\/i0.wp.com\/plumalia.eu\/wp-content\/uploads\/2022\/07\/Grive-musicienne-00347.jpg?resize=768%2C535&amp;ssl=1 768w\" sizes=\"auto, (max-width: 800px) 100vw, 800px\" data-recalc-dims=\"1\" \/><figcaption class=\"wp-element-caption\">Aussi bien  visibles ici chez la Jeune Grive musicienne &#8211; <em>Tordus philomelos<\/em>.<\/figcaption><\/figure><\/div>\n\n<div class=\"wp-block-image\">\n<figure class=\"aligncenter size-large\"><img loading=\"lazy\" decoding=\"async\" width=\"800\" height=\"534\" src=\"https:\/\/i0.wp.com\/plumalia.eu\/wp-content\/uploads\/2022\/07\/Grive-musicienne-08936.jpg?resize=800%2C534&#038;ssl=1\" alt=\"\" class=\"wp-image-5016\" srcset=\"https:\/\/i0.wp.com\/plumalia.eu\/wp-content\/uploads\/2022\/07\/Grive-musicienne-08936.jpg?w=1000&amp;ssl=1 1000w, https:\/\/i0.wp.com\/plumalia.eu\/wp-content\/uploads\/2022\/07\/Grive-musicienne-08936.jpg?resize=300%2C200&amp;ssl=1 300w, https:\/\/i0.wp.com\/plumalia.eu\/wp-content\/uploads\/2022\/07\/Grive-musicienne-08936.jpg?resize=768%2C512&amp;ssl=1 768w\" sizes=\"auto, (max-width: 800px) 100vw, 800px\" data-recalc-dims=\"1\" \/><figcaption class=\"wp-element-caption\">Autre vue de cette jeune grive.<\/figcaption><\/figure><\/div>\n\n<div class=\"wp-block-image\">\n<figure class=\"aligncenter size-large\"><img loading=\"lazy\" decoding=\"async\" width=\"800\" height=\"550\" src=\"https:\/\/i0.wp.com\/plumalia.eu\/wp-content\/uploads\/2022\/07\/Grosbec-casse-noyau-07432.jpg?resize=800%2C550&#038;ssl=1\" alt=\"\" class=\"wp-image-5017\" srcset=\"https:\/\/i0.wp.com\/plumalia.eu\/wp-content\/uploads\/2022\/07\/Grosbec-casse-noyau-07432.jpg?w=1000&amp;ssl=1 1000w, https:\/\/i0.wp.com\/plumalia.eu\/wp-content\/uploads\/2022\/07\/Grosbec-casse-noyau-07432.jpg?resize=300%2C206&amp;ssl=1 300w, https:\/\/i0.wp.com\/plumalia.eu\/wp-content\/uploads\/2022\/07\/Grosbec-casse-noyau-07432.jpg?resize=768%2C528&amp;ssl=1 768w\" sizes=\"auto, (max-width: 800px) 100vw, 800px\" data-recalc-dims=\"1\" \/><figcaption class=\"wp-element-caption\">Grosbec casse-noyaux &#8211;<em> Coccothraustes cocothraustes<\/em>, m\u00e2le adulte.<\/figcaption><\/figure><\/div>\n\n<div class=\"wp-block-image\">\n<figure class=\"aligncenter size-large\"><img loading=\"lazy\" decoding=\"async\" width=\"800\" height=\"533\" src=\"https:\/\/i0.wp.com\/plumalia.eu\/wp-content\/uploads\/2022\/07\/Grosbec-casse-noyaux-03425.jpg?resize=800%2C533&#038;ssl=1\" alt=\"\" class=\"wp-image-5019\" srcset=\"https:\/\/i0.wp.com\/plumalia.eu\/wp-content\/uploads\/2022\/07\/Grosbec-casse-noyaux-03425.jpg?w=1000&amp;ssl=1 1000w, https:\/\/i0.wp.com\/plumalia.eu\/wp-content\/uploads\/2022\/07\/Grosbec-casse-noyaux-03425.jpg?resize=300%2C200&amp;ssl=1 300w, https:\/\/i0.wp.com\/plumalia.eu\/wp-content\/uploads\/2022\/07\/Grosbec-casse-noyaux-03425.jpg?resize=768%2C511&amp;ssl=1 768w\" sizes=\"auto, (max-width: 800px) 100vw, 800px\" data-recalc-dims=\"1\" \/><figcaption class=\"wp-element-caption\">Chez la femelle de grosbec, il semble y avoir plus que 4 poils, \u00e0 suivre.<\/figcaption><\/figure><\/div>\n\n<div class=\"wp-block-image\">\n<figure class=\"aligncenter size-large\"><img loading=\"lazy\" decoding=\"async\" width=\"800\" height=\"530\" src=\"https:\/\/i0.wp.com\/plumalia.eu\/wp-content\/uploads\/2022\/07\/Grosbec-casse-noyaux-03584.jpg?resize=800%2C530&#038;ssl=1\" alt=\"\" class=\"wp-image-5020\" srcset=\"https:\/\/i0.wp.com\/plumalia.eu\/wp-content\/uploads\/2022\/07\/Grosbec-casse-noyaux-03584.jpg?w=1000&amp;ssl=1 1000w, https:\/\/i0.wp.com\/plumalia.eu\/wp-content\/uploads\/2022\/07\/Grosbec-casse-noyaux-03584.jpg?resize=300%2C199&amp;ssl=1 300w, https:\/\/i0.wp.com\/plumalia.eu\/wp-content\/uploads\/2022\/07\/Grosbec-casse-noyaux-03584.jpg?resize=768%2C509&amp;ssl=1 768w\" sizes=\"auto, (max-width: 800px) 100vw, 800px\" data-recalc-dims=\"1\" \/><figcaption class=\"wp-element-caption\">M\u00eame chez les jeunes grosbecs.<\/figcaption><\/figure><\/div>\n\n\n<figure class=\"wp-block-image size-full\"><img loading=\"lazy\" decoding=\"async\" width=\"800\" height=\"534\" src=\"https:\/\/i0.wp.com\/plumalia.eu\/wp-content\/uploads\/2023\/01\/Gros-bec-casse-noyaux-02988.jpg?resize=800%2C534&#038;ssl=1\" alt=\"\" class=\"wp-image-5354\" srcset=\"https:\/\/i0.wp.com\/plumalia.eu\/wp-content\/uploads\/2023\/01\/Gros-bec-casse-noyaux-02988.jpg?w=900&amp;ssl=1 900w, https:\/\/i0.wp.com\/plumalia.eu\/wp-content\/uploads\/2023\/01\/Gros-bec-casse-noyaux-02988.jpg?resize=300%2C200&amp;ssl=1 300w, https:\/\/i0.wp.com\/plumalia.eu\/wp-content\/uploads\/2023\/01\/Gros-bec-casse-noyaux-02988.jpg?resize=768%2C513&amp;ssl=1 768w\" sizes=\"auto, (max-width: 800px) 100vw, 800px\" data-recalc-dims=\"1\" \/><figcaption class=\"wp-element-caption\">Comme chez plusieurs oiseaux, il semblerait que ces filoplumes soient r\u00e9parties en quelques brins, de chaque c\u00f4t\u00e9 de la nuque&#8230; \u00c0 suivre donc. Photo de janvier 2023.<\/figcaption><\/figure>\n\n\n\n<figure class=\"wp-block-image size-large\"><img loading=\"lazy\" decoding=\"async\" width=\"800\" height=\"534\" src=\"https:\/\/i0.wp.com\/plumalia.eu\/wp-content\/uploads\/2023\/01\/Gros-bec-casse-noyaux-02993.jpg?resize=800%2C534&#038;ssl=1\" alt=\"\" class=\"wp-image-5357\" srcset=\"https:\/\/i0.wp.com\/plumalia.eu\/wp-content\/uploads\/2023\/01\/Gros-bec-casse-noyaux-02993.jpg?resize=1024%2C683&amp;ssl=1 1024w, https:\/\/i0.wp.com\/plumalia.eu\/wp-content\/uploads\/2023\/01\/Gros-bec-casse-noyaux-02993.jpg?resize=300%2C200&amp;ssl=1 300w, https:\/\/i0.wp.com\/plumalia.eu\/wp-content\/uploads\/2023\/01\/Gros-bec-casse-noyaux-02993.jpg?resize=768%2C512&amp;ssl=1 768w, https:\/\/i0.wp.com\/plumalia.eu\/wp-content\/uploads\/2023\/01\/Gros-bec-casse-noyaux-02993.jpg?resize=1536%2C1024&amp;ssl=1 1536w, https:\/\/i0.wp.com\/plumalia.eu\/wp-content\/uploads\/2023\/01\/Gros-bec-casse-noyaux-02993.jpg?resize=2048%2C1366&amp;ssl=1 2048w, https:\/\/i0.wp.com\/plumalia.eu\/wp-content\/uploads\/2023\/01\/Gros-bec-casse-noyaux-02993.jpg?w=1600&amp;ssl=1 1600w\" sizes=\"auto, (max-width: 800px) 100vw, 800px\" data-recalc-dims=\"1\" \/><\/figure>\n\n\n\n<p><\/p>\n\n\n<div class=\"wp-block-image\">\n<figure class=\"aligncenter size-full\"><img loading=\"lazy\" decoding=\"async\" width=\"800\" height=\"534\" src=\"https:\/\/i0.wp.com\/plumalia.eu\/wp-content\/uploads\/2023\/01\/Bruant-jaune-06563.jpg?resize=800%2C534&#038;ssl=1\" alt=\"\" class=\"wp-image-5360\" srcset=\"https:\/\/i0.wp.com\/plumalia.eu\/wp-content\/uploads\/2023\/01\/Bruant-jaune-06563.jpg?w=800&amp;ssl=1 800w, https:\/\/i0.wp.com\/plumalia.eu\/wp-content\/uploads\/2023\/01\/Bruant-jaune-06563.jpg?resize=300%2C200&amp;ssl=1 300w, https:\/\/i0.wp.com\/plumalia.eu\/wp-content\/uploads\/2023\/01\/Bruant-jaune-06563.jpg?resize=768%2C513&amp;ssl=1 768w\" sizes=\"auto, (max-width: 800px) 100vw, 800px\" data-recalc-dims=\"1\" \/><figcaption class=\"wp-element-caption\">Chez le Bruant jaune aussi, il y a quelques \u00ab\u00a0poils\u00a0\u00bb de chaque c\u00f4t\u00e9 de la nuque.<\/figcaption><\/figure><\/div>\n\n<div class=\"wp-block-image\">\n<figure class=\"aligncenter size-large\"><img loading=\"lazy\" decoding=\"async\" width=\"800\" height=\"549\" src=\"https:\/\/i0.wp.com\/plumalia.eu\/wp-content\/uploads\/2022\/07\/Guepier-dEurope-6602.jpg?resize=800%2C549&#038;ssl=1\" alt=\"\" class=\"wp-image-5022\" srcset=\"https:\/\/i0.wp.com\/plumalia.eu\/wp-content\/uploads\/2022\/07\/Guepier-dEurope-6602.jpg?w=1000&amp;ssl=1 1000w, https:\/\/i0.wp.com\/plumalia.eu\/wp-content\/uploads\/2022\/07\/Guepier-dEurope-6602.jpg?resize=300%2C206&amp;ssl=1 300w, https:\/\/i0.wp.com\/plumalia.eu\/wp-content\/uploads\/2022\/07\/Guepier-dEurope-6602.jpg?resize=768%2C527&amp;ssl=1 768w\" sizes=\"auto, (max-width: 800px) 100vw, 800px\" data-recalc-dims=\"1\" \/><figcaption class=\"wp-element-caption\">\u00c0 premi\u00e8re vue pas chez les Gu\u00eapiers d&rsquo;Europe &#8211; Merops apiaster, aucune photo ne l&rsquo;a montr\u00e9, \u00e0 suivre aussi.<br><br><a href=\"https:\/\/plumalia.eu\/?p=90\">Photos prot\u00e9g\u00e9es par la l\u00e9gislation en vigueur.<\/a> <\/figcaption><\/figure><\/div>\n\n<div class=\"wp-block-image\">\n<figure class=\"aligncenter size-large\"><img loading=\"lazy\" decoding=\"async\" width=\"800\" height=\"593\" src=\"https:\/\/i0.wp.com\/plumalia.eu\/wp-content\/uploads\/2022\/07\/Jaseur-boreal-0851_10.11.01_Zelande_Bruno-Marchal_Jbo.jpg?resize=800%2C593&#038;ssl=1\" alt=\"\" class=\"wp-image-5025\" srcset=\"https:\/\/i0.wp.com\/plumalia.eu\/wp-content\/uploads\/2022\/07\/Jaseur-boreal-0851_10.11.01_Zelande_Bruno-Marchal_Jbo.jpg?w=1000&amp;ssl=1 1000w, https:\/\/i0.wp.com\/plumalia.eu\/wp-content\/uploads\/2022\/07\/Jaseur-boreal-0851_10.11.01_Zelande_Bruno-Marchal_Jbo.jpg?resize=300%2C222&amp;ssl=1 300w, https:\/\/i0.wp.com\/plumalia.eu\/wp-content\/uploads\/2022\/07\/Jaseur-boreal-0851_10.11.01_Zelande_Bruno-Marchal_Jbo.jpg?resize=768%2C569&amp;ssl=1 768w\" sizes=\"auto, (max-width: 800px) 100vw, 800px\" data-recalc-dims=\"1\" \/><figcaption class=\"wp-element-caption\">Pas trouv\u00e9 sur mes photos de Jaseur bor\u00e9al &#8211; <em>Bombycilla garrulus<\/em>.<br>Si vous poss\u00e9dez ce type de clich\u00e9s, je suis bien entendu preneur.<\/figcaption><\/figure><\/div>\n\n<div class=\"wp-block-image\">\n<figure class=\"aligncenter size-large\"><img loading=\"lazy\" decoding=\"async\" width=\"800\" height=\"590\" src=\"https:\/\/i0.wp.com\/plumalia.eu\/wp-content\/uploads\/2022\/07\/Linotte-melodieuse-06946.jpg?resize=800%2C590&#038;ssl=1\" alt=\"\" class=\"wp-image-5027\" srcset=\"https:\/\/i0.wp.com\/plumalia.eu\/wp-content\/uploads\/2022\/07\/Linotte-melodieuse-06946.jpg?w=1000&amp;ssl=1 1000w, https:\/\/i0.wp.com\/plumalia.eu\/wp-content\/uploads\/2022\/07\/Linotte-melodieuse-06946.jpg?resize=300%2C221&amp;ssl=1 300w, https:\/\/i0.wp.com\/plumalia.eu\/wp-content\/uploads\/2022\/07\/Linotte-melodieuse-06946.jpg?resize=768%2C567&amp;ssl=1 768w\" sizes=\"auto, (max-width: 800px) 100vw, 800px\" data-recalc-dims=\"1\" \/><figcaption class=\"wp-element-caption\">Bien regarder dans la nuque, dans l&rsquo;alignement du bec de cette Linotte m\u00e9lodieuse &#8211; <em>Linaria cannabina<\/em>, m\u00e2le.<\/figcaption><\/figure><\/div>\n\n<div class=\"wp-block-image\">\n<figure class=\"aligncenter size-large\"><img loading=\"lazy\" decoding=\"async\" width=\"800\" height=\"535\" src=\"https:\/\/i0.wp.com\/plumalia.eu\/wp-content\/uploads\/2022\/07\/Merle-noir-01901.jpg?resize=800%2C535&#038;ssl=1\" alt=\"\" class=\"wp-image-5030\" srcset=\"https:\/\/i0.wp.com\/plumalia.eu\/wp-content\/uploads\/2022\/07\/Merle-noir-01901.jpg?w=1000&amp;ssl=1 1000w, https:\/\/i0.wp.com\/plumalia.eu\/wp-content\/uploads\/2022\/07\/Merle-noir-01901.jpg?resize=300%2C201&amp;ssl=1 300w, https:\/\/i0.wp.com\/plumalia.eu\/wp-content\/uploads\/2022\/07\/Merle-noir-01901.jpg?resize=768%2C514&amp;ssl=1 768w\" sizes=\"auto, (max-width: 800px) 100vw, 800px\" data-recalc-dims=\"1\" \/><figcaption class=\"wp-element-caption\">M\u00eame remarque que pour la photo pr\u00e9c\u00e9dente, alignement du bec, ici sur le Merle noir &#8211;<em> Turdus merula<\/em>.<\/figcaption><\/figure><\/div>\n\n<div class=\"wp-block-image\">\n<figure class=\"aligncenter size-large\"><img loading=\"lazy\" decoding=\"async\" width=\"800\" height=\"534\" src=\"https:\/\/i0.wp.com\/plumalia.eu\/wp-content\/uploads\/2022\/07\/Merle-noir-06544.jpg?resize=800%2C534&#038;ssl=1\" alt=\"\" class=\"wp-image-5032\" srcset=\"https:\/\/i0.wp.com\/plumalia.eu\/wp-content\/uploads\/2022\/07\/Merle-noir-06544.jpg?w=1000&amp;ssl=1 1000w, https:\/\/i0.wp.com\/plumalia.eu\/wp-content\/uploads\/2022\/07\/Merle-noir-06544.jpg?resize=300%2C200&amp;ssl=1 300w, https:\/\/i0.wp.com\/plumalia.eu\/wp-content\/uploads\/2022\/07\/Merle-noir-06544.jpg?resize=768%2C512&amp;ssl=1 768w\" sizes=\"auto, (max-width: 800px) 100vw, 800px\" data-recalc-dims=\"1\" \/><figcaption class=\"wp-element-caption\">Dans la nuque d&rsquo;un jeune Merle noir.<\/figcaption><\/figure><\/div>\n\n<div class=\"wp-block-image\">\n<figure class=\"aligncenter size-large\"><img loading=\"lazy\" decoding=\"async\" width=\"800\" height=\"561\" src=\"https:\/\/i0.wp.com\/plumalia.eu\/wp-content\/uploads\/2022\/07\/Mesange-bleue-02607.jpg?resize=800%2C561&#038;ssl=1\" alt=\"\" class=\"wp-image-5033\" srcset=\"https:\/\/i0.wp.com\/plumalia.eu\/wp-content\/uploads\/2022\/07\/Mesange-bleue-02607.jpg?w=1000&amp;ssl=1 1000w, https:\/\/i0.wp.com\/plumalia.eu\/wp-content\/uploads\/2022\/07\/Mesange-bleue-02607.jpg?resize=300%2C210&amp;ssl=1 300w, https:\/\/i0.wp.com\/plumalia.eu\/wp-content\/uploads\/2022\/07\/Mesange-bleue-02607.jpg?resize=768%2C538&amp;ssl=1 768w\" sizes=\"auto, (max-width: 800px) 100vw, 800px\" data-recalc-dims=\"1\" \/><figcaption class=\"wp-element-caption\">M\u00e9sange bleue &#8211; <em>Cyanistes caeruleus<\/em>.<br><br><a href=\"https:\/\/plumalia.eu\/?p=90\">Photos prot\u00e9g\u00e9es par la l\u00e9gislation en vigueur.<\/a> <\/figcaption><\/figure><\/div>\n\n<div class=\"wp-block-image\">\n<figure class=\"aligncenter size-full\"><img loading=\"lazy\" decoding=\"async\" width=\"800\" height=\"534\" src=\"https:\/\/i0.wp.com\/plumalia.eu\/wp-content\/uploads\/2022\/08\/Mesange-bleue-09052.jpg?resize=800%2C534&#038;ssl=1\" alt=\"\" class=\"wp-image-5214\" srcset=\"https:\/\/i0.wp.com\/plumalia.eu\/wp-content\/uploads\/2022\/08\/Mesange-bleue-09052.jpg?w=800&amp;ssl=1 800w, https:\/\/i0.wp.com\/plumalia.eu\/wp-content\/uploads\/2022\/08\/Mesange-bleue-09052.jpg?resize=300%2C200&amp;ssl=1 300w, https:\/\/i0.wp.com\/plumalia.eu\/wp-content\/uploads\/2022\/08\/Mesange-bleue-09052.jpg?resize=768%2C513&amp;ssl=1 768w\" sizes=\"auto, (max-width: 800px) 100vw, 800px\" data-recalc-dims=\"1\" \/><figcaption class=\"wp-element-caption\">Chez la jeune M\u00e9sange bleue photographi\u00e9e au mois d&rsquo;ao\u00fbt.<\/figcaption><\/figure><\/div>\n\n<div class=\"wp-block-image\">\n<figure class=\"aligncenter size-large\"><img loading=\"lazy\" decoding=\"async\" width=\"800\" height=\"541\" src=\"https:\/\/i0.wp.com\/plumalia.eu\/wp-content\/uploads\/2022\/07\/Mesange-charbonniere-09762.jpg?resize=800%2C541&#038;ssl=1\" alt=\"\" class=\"wp-image-5035\" srcset=\"https:\/\/i0.wp.com\/plumalia.eu\/wp-content\/uploads\/2022\/07\/Mesange-charbonniere-09762.jpg?w=1000&amp;ssl=1 1000w, https:\/\/i0.wp.com\/plumalia.eu\/wp-content\/uploads\/2022\/07\/Mesange-charbonniere-09762.jpg?resize=300%2C203&amp;ssl=1 300w, https:\/\/i0.wp.com\/plumalia.eu\/wp-content\/uploads\/2022\/07\/Mesange-charbonniere-09762.jpg?resize=768%2C519&amp;ssl=1 768w\" sizes=\"auto, (max-width: 800px) 100vw, 800px\" data-recalc-dims=\"1\" \/><figcaption class=\"wp-element-caption\">M\u00e9sange charbonni\u00e8re &#8211; <em>Parus major<\/em>.<\/figcaption><\/figure><\/div>\n\n<div class=\"wp-block-image\">\n<figure class=\"aligncenter size-large\"><img loading=\"lazy\" decoding=\"async\" width=\"800\" height=\"540\" src=\"https:\/\/i0.wp.com\/plumalia.eu\/wp-content\/uploads\/2022\/07\/Mesange-charbonniere-03673.jpg?resize=800%2C540&#038;ssl=1\" alt=\"\" class=\"wp-image-5036\" srcset=\"https:\/\/i0.wp.com\/plumalia.eu\/wp-content\/uploads\/2022\/07\/Mesange-charbonniere-03673.jpg?w=1000&amp;ssl=1 1000w, https:\/\/i0.wp.com\/plumalia.eu\/wp-content\/uploads\/2022\/07\/Mesange-charbonniere-03673.jpg?resize=300%2C203&amp;ssl=1 300w, https:\/\/i0.wp.com\/plumalia.eu\/wp-content\/uploads\/2022\/07\/Mesange-charbonniere-03673.jpg?resize=768%2C518&amp;ssl=1 768w\" sizes=\"auto, (max-width: 800px) 100vw, 800px\" data-recalc-dims=\"1\" \/><figcaption class=\"wp-element-caption\">Bien visible chez les jeunes charbonni\u00e8res aussi.<\/figcaption><\/figure><\/div>\n\n<div class=\"wp-block-image\">\n<figure class=\"aligncenter size-large\"><img loading=\"lazy\" decoding=\"async\" width=\"800\" height=\"568\" src=\"https:\/\/i0.wp.com\/plumalia.eu\/wp-content\/uploads\/2022\/07\/Mesange-huppee-03981.jpg?resize=800%2C568&#038;ssl=1\" alt=\"\" class=\"wp-image-5038\" srcset=\"https:\/\/i0.wp.com\/plumalia.eu\/wp-content\/uploads\/2022\/07\/Mesange-huppee-03981.jpg?w=1000&amp;ssl=1 1000w, https:\/\/i0.wp.com\/plumalia.eu\/wp-content\/uploads\/2022\/07\/Mesange-huppee-03981.jpg?resize=300%2C213&amp;ssl=1 300w, https:\/\/i0.wp.com\/plumalia.eu\/wp-content\/uploads\/2022\/07\/Mesange-huppee-03981.jpg?resize=768%2C545&amp;ssl=1 768w\" sizes=\"auto, (max-width: 800px) 100vw, 800px\" data-recalc-dims=\"1\" \/><figcaption class=\"wp-element-caption\">4 poils bien visibles, sous la huppe de la M\u00e9sange hupp\u00e9e &#8211; <em>Lophophanes cristatus<\/em>.<\/figcaption><\/figure><\/div>\n\n<div class=\"wp-block-image\">\n<figure class=\"aligncenter size-full\"><img loading=\"lazy\" decoding=\"async\" width=\"500\" height=\"765\" src=\"https:\/\/i0.wp.com\/plumalia.eu\/wp-content\/uploads\/2023\/01\/Didier-Girard-Moineau-domestique-pt.jpeg?resize=500%2C765&#038;ssl=1\" alt=\"\" class=\"wp-image-5351\" srcset=\"https:\/\/i0.wp.com\/plumalia.eu\/wp-content\/uploads\/2023\/01\/Didier-Girard-Moineau-domestique-pt.jpeg?w=500&amp;ssl=1 500w, https:\/\/i0.wp.com\/plumalia.eu\/wp-content\/uploads\/2023\/01\/Didier-Girard-Moineau-domestique-pt.jpeg?resize=196%2C300&amp;ssl=1 196w\" sizes=\"auto, (max-width: 500px) 100vw, 500px\" data-recalc-dims=\"1\" \/><figcaption class=\"wp-element-caption\">Photo de Didier Girard du 07 janvier 2023 o\u00f9 l&rsquo;on remarque bien les filoplumes dans la nuque de ce Moineau domestique &#8211; Paser domesticus.<\/figcaption><\/figure><\/div>\n\n<div class=\"wp-block-image\">\n<figure class=\"aligncenter size-full\"><img loading=\"lazy\" decoding=\"async\" width=\"800\" height=\"533\" src=\"https:\/\/i0.wp.com\/plumalia.eu\/wp-content\/uploads\/2023\/01\/Moineau-domestique-03954.jpg?resize=800%2C533&#038;ssl=1\" alt=\"\" class=\"wp-image-5363\" srcset=\"https:\/\/i0.wp.com\/plumalia.eu\/wp-content\/uploads\/2023\/01\/Moineau-domestique-03954.jpg?w=900&amp;ssl=1 900w, https:\/\/i0.wp.com\/plumalia.eu\/wp-content\/uploads\/2023\/01\/Moineau-domestique-03954.jpg?resize=300%2C200&amp;ssl=1 300w, https:\/\/i0.wp.com\/plumalia.eu\/wp-content\/uploads\/2023\/01\/Moineau-domestique-03954.jpg?resize=768%2C512&amp;ssl=1 768w\" sizes=\"auto, (max-width: 800px) 100vw, 800px\" data-recalc-dims=\"1\" \/><figcaption class=\"wp-element-caption\">On aper\u00e7oit les filoplumes sur ce Moineau domestique, l&rsquo;individu en avant plan. Photo de Janvier 2023 \u00e0 Rochefort (B) avec un peu de neige.<\/figcaption><\/figure><\/div>\n\n<div class=\"wp-block-image\">\n<figure class=\"aligncenter size-large\"><img loading=\"lazy\" decoding=\"async\" width=\"800\" height=\"631\" src=\"https:\/\/i0.wp.com\/plumalia.eu\/wp-content\/uploads\/2022\/07\/Pigeon-colombin-00642.jpg?resize=800%2C631&#038;ssl=1\" alt=\"\" class=\"wp-image-5041\" srcset=\"https:\/\/i0.wp.com\/plumalia.eu\/wp-content\/uploads\/2022\/07\/Pigeon-colombin-00642.jpg?w=1000&amp;ssl=1 1000w, https:\/\/i0.wp.com\/plumalia.eu\/wp-content\/uploads\/2022\/07\/Pigeon-colombin-00642.jpg?resize=300%2C237&amp;ssl=1 300w, https:\/\/i0.wp.com\/plumalia.eu\/wp-content\/uploads\/2022\/07\/Pigeon-colombin-00642.jpg?resize=768%2C606&amp;ssl=1 768w\" sizes=\"auto, (max-width: 800px) 100vw, 800px\" data-recalc-dims=\"1\" \/><figcaption class=\"wp-element-caption\">Pas certain qu&rsquo;il ait les 4 poils chez le Pigeon colombin &#8211; <em>Columba oenas<\/em>.<\/figcaption><\/figure><\/div>\n\n<div class=\"wp-block-image\">\n<figure class=\"aligncenter size-large\"><img loading=\"lazy\" decoding=\"async\" width=\"800\" height=\"534\" src=\"https:\/\/i0.wp.com\/plumalia.eu\/wp-content\/uploads\/2022\/07\/Pinson-des-arbres-09865.jpg?resize=800%2C534&#038;ssl=1\" alt=\"\" class=\"wp-image-5043\" srcset=\"https:\/\/i0.wp.com\/plumalia.eu\/wp-content\/uploads\/2022\/07\/Pinson-des-arbres-09865.jpg?w=1000&amp;ssl=1 1000w, https:\/\/i0.wp.com\/plumalia.eu\/wp-content\/uploads\/2022\/07\/Pinson-des-arbres-09865.jpg?resize=300%2C200&amp;ssl=1 300w, https:\/\/i0.wp.com\/plumalia.eu\/wp-content\/uploads\/2022\/07\/Pinson-des-arbres-09865.jpg?resize=768%2C512&amp;ssl=1 768w\" sizes=\"auto, (max-width: 800px) 100vw, 800px\" data-recalc-dims=\"1\" \/><figcaption class=\"wp-element-caption\">La famille compl\u00e8te des Pinsons des arbres &#8211;<em> Fringilla coelebs<\/em>, poss\u00e8de ces 4 poils.<\/figcaption><\/figure><\/div>\n\n<div class=\"wp-block-image\">\n<figure class=\"aligncenter size-large\"><img loading=\"lazy\" decoding=\"async\" width=\"800\" height=\"534\" src=\"https:\/\/i0.wp.com\/plumalia.eu\/wp-content\/uploads\/2022\/08\/Pinson-des-arbres-04154.jpg?resize=800%2C534&#038;ssl=1\" alt=\"\" class=\"wp-image-5104\" srcset=\"https:\/\/i0.wp.com\/plumalia.eu\/wp-content\/uploads\/2022\/08\/Pinson-des-arbres-04154.jpg?w=1000&amp;ssl=1 1000w, https:\/\/i0.wp.com\/plumalia.eu\/wp-content\/uploads\/2022\/08\/Pinson-des-arbres-04154.jpg?resize=300%2C200&amp;ssl=1 300w, https:\/\/i0.wp.com\/plumalia.eu\/wp-content\/uploads\/2022\/08\/Pinson-des-arbres-04154.jpg?resize=768%2C512&amp;ssl=1 768w\" sizes=\"auto, (max-width: 800px) 100vw, 800px\" data-recalc-dims=\"1\" \/><figcaption class=\"wp-element-caption\">Jeune Pinson des arbres &#8211; <em>Fringilla coelebs<\/em><\/figcaption><\/figure><\/div>\n\n<div class=\"wp-block-image\">\n<figure class=\"aligncenter size-full\"><img loading=\"lazy\" decoding=\"async\" width=\"800\" height=\"571\" src=\"https:\/\/i0.wp.com\/plumalia.eu\/wp-content\/uploads\/2022\/09\/Pinson-des-arbres-02425.jpg?resize=800%2C571&#038;ssl=1\" alt=\"\" class=\"wp-image-5282\" srcset=\"https:\/\/i0.wp.com\/plumalia.eu\/wp-content\/uploads\/2022\/09\/Pinson-des-arbres-02425.jpg?w=800&amp;ssl=1 800w, https:\/\/i0.wp.com\/plumalia.eu\/wp-content\/uploads\/2022\/09\/Pinson-des-arbres-02425.jpg?resize=300%2C214&amp;ssl=1 300w, https:\/\/i0.wp.com\/plumalia.eu\/wp-content\/uploads\/2022\/09\/Pinson-des-arbres-02425.jpg?resize=768%2C548&amp;ssl=1 768w\" sizes=\"auto, (max-width: 800px) 100vw, 800px\" data-recalc-dims=\"1\" \/><figcaption class=\"wp-element-caption\">Femelle Pinson des arbres &#8211; <em>Fringilla coelebs<\/em>. Photo de septembre 2022.<\/figcaption><\/figure><\/div>\n\n<div class=\"wp-block-image\">\n<figure class=\"aligncenter size-full\"><img loading=\"lazy\" decoding=\"async\" width=\"800\" height=\"533\" src=\"https:\/\/i0.wp.com\/plumalia.eu\/wp-content\/uploads\/2022\/11\/Pinson-des-arbres-08282.jpg?resize=800%2C533&#038;ssl=1\" alt=\"\" class=\"wp-image-5331\" srcset=\"https:\/\/i0.wp.com\/plumalia.eu\/wp-content\/uploads\/2022\/11\/Pinson-des-arbres-08282.jpg?w=900&amp;ssl=1 900w, https:\/\/i0.wp.com\/plumalia.eu\/wp-content\/uploads\/2022\/11\/Pinson-des-arbres-08282.jpg?resize=300%2C200&amp;ssl=1 300w, https:\/\/i0.wp.com\/plumalia.eu\/wp-content\/uploads\/2022\/11\/Pinson-des-arbres-08282.jpg?resize=768%2C512&amp;ssl=1 768w\" sizes=\"auto, (max-width: 800px) 100vw, 800px\" data-recalc-dims=\"1\" \/><figcaption class=\"wp-element-caption\">Avec un coup de vent, on peut imaginer la longueur de ces \u00ab\u00a0poils\u00a0\u00bb dans la nuque de ce Pinson des arbres, photo de novembre 2022. On aper\u00e7oit une petite dizaine de \u00ab\u00a0poils\u00a0\u00bb  sur ce clich\u00e9.<\/figcaption><\/figure><\/div>\n\n\n<figure class=\"wp-block-image size-large\"><img loading=\"lazy\" decoding=\"async\" width=\"800\" height=\"610\" src=\"https:\/\/i0.wp.com\/plumalia.eu\/wp-content\/uploads\/2022\/07\/Pinson-du-Nord-00315.jpg?resize=800%2C610&#038;ssl=1\" alt=\"\" class=\"wp-image-5099\" srcset=\"https:\/\/i0.wp.com\/plumalia.eu\/wp-content\/uploads\/2022\/07\/Pinson-du-Nord-00315.jpg?w=1000&amp;ssl=1 1000w, https:\/\/i0.wp.com\/plumalia.eu\/wp-content\/uploads\/2022\/07\/Pinson-du-Nord-00315.jpg?resize=300%2C229&amp;ssl=1 300w, https:\/\/i0.wp.com\/plumalia.eu\/wp-content\/uploads\/2022\/07\/Pinson-du-Nord-00315.jpg?resize=768%2C586&amp;ssl=1 768w\" sizes=\"auto, (max-width: 800px) 100vw, 800px\" data-recalc-dims=\"1\" \/><figcaption class=\"wp-element-caption\">Pinson du Nord &#8211; <em>Fringilla montfringilla<\/em>, m\u00e2le.<\/figcaption><\/figure>\n\n\n<div class=\"wp-block-image\">\n<figure class=\"aligncenter size-full\"><img loading=\"lazy\" decoding=\"async\" width=\"800\" height=\"532\" src=\"https:\/\/i0.wp.com\/plumalia.eu\/wp-content\/uploads\/2024\/02\/Pinson-du-Nord-00334.jpg?resize=800%2C532&#038;ssl=1\" alt=\"\" class=\"wp-image-5911\" srcset=\"https:\/\/i0.wp.com\/plumalia.eu\/wp-content\/uploads\/2024\/02\/Pinson-du-Nord-00334.jpg?w=800&amp;ssl=1 800w, https:\/\/i0.wp.com\/plumalia.eu\/wp-content\/uploads\/2024\/02\/Pinson-du-Nord-00334.jpg?resize=300%2C200&amp;ssl=1 300w, https:\/\/i0.wp.com\/plumalia.eu\/wp-content\/uploads\/2024\/02\/Pinson-du-Nord-00334.jpg?resize=768%2C511&amp;ssl=1 768w\" sizes=\"auto, (max-width: 800px) 100vw, 800px\" data-recalc-dims=\"1\" \/><\/figure><\/div>\n\n\n<p>Toujours avec ce Pinson du Nord m\u00e2le, mais le clich\u00e9 de la nuque, est pris en contre-bas.<\/p>\n\n\n<div class=\"wp-block-image\">\n<figure class=\"aligncenter size-large\"><img loading=\"lazy\" decoding=\"async\" width=\"800\" height=\"576\" src=\"https:\/\/i0.wp.com\/plumalia.eu\/wp-content\/uploads\/2022\/07\/Pinson-du-Nord-07970.jpg?resize=800%2C576&#038;ssl=1\" alt=\"\" class=\"wp-image-5045\" srcset=\"https:\/\/i0.wp.com\/plumalia.eu\/wp-content\/uploads\/2022\/07\/Pinson-du-Nord-07970.jpg?w=1000&amp;ssl=1 1000w, https:\/\/i0.wp.com\/plumalia.eu\/wp-content\/uploads\/2022\/07\/Pinson-du-Nord-07970.jpg?resize=300%2C216&amp;ssl=1 300w, https:\/\/i0.wp.com\/plumalia.eu\/wp-content\/uploads\/2022\/07\/Pinson-du-Nord-07970.jpg?resize=768%2C553&amp;ssl=1 768w\" sizes=\"auto, (max-width: 800px) 100vw, 800px\" data-recalc-dims=\"1\" \/><figcaption class=\"wp-element-caption\">Pinson du Nord &#8211; <em>Fringilla montfringilla<\/em>, femelle.<\/figcaption><\/figure><\/div>\n\n<div class=\"wp-block-image\">\n<figure class=\"aligncenter size-large\"><img loading=\"lazy\" decoding=\"async\" width=\"800\" height=\"567\" src=\"https:\/\/i0.wp.com\/plumalia.eu\/wp-content\/uploads\/2022\/07\/Pouillot-veloce-05457.jpg?resize=800%2C567&#038;ssl=1\" alt=\"\" class=\"wp-image-5046\" srcset=\"https:\/\/i0.wp.com\/plumalia.eu\/wp-content\/uploads\/2022\/07\/Pouillot-veloce-05457.jpg?w=1000&amp;ssl=1 1000w, https:\/\/i0.wp.com\/plumalia.eu\/wp-content\/uploads\/2022\/07\/Pouillot-veloce-05457.jpg?resize=300%2C213&amp;ssl=1 300w, https:\/\/i0.wp.com\/plumalia.eu\/wp-content\/uploads\/2022\/07\/Pouillot-veloce-05457.jpg?resize=768%2C545&amp;ssl=1 768w\" sizes=\"auto, (max-width: 800px) 100vw, 800px\" data-recalc-dims=\"1\" \/><figcaption class=\"wp-element-caption\">Jeune Pouillot v\u00e9loce &#8211; <em>Phylloscopus collybita<\/em>. On aper\u00e7oit aussi 2 poils de chaque c\u00f4t\u00e9 de la nuque.<\/figcaption><\/figure><\/div>\n\n<div class=\"wp-block-image\">\n<figure class=\"aligncenter size-full\"><img loading=\"lazy\" decoding=\"async\" width=\"800\" height=\"532\" src=\"https:\/\/i0.wp.com\/plumalia.eu\/wp-content\/uploads\/2022\/10\/Pouillot-veloce-07573.jpg?resize=800%2C532&#038;ssl=1\" alt=\"\" class=\"wp-image-5306\" srcset=\"https:\/\/i0.wp.com\/plumalia.eu\/wp-content\/uploads\/2022\/10\/Pouillot-veloce-07573.jpg?w=900&amp;ssl=1 900w, https:\/\/i0.wp.com\/plumalia.eu\/wp-content\/uploads\/2022\/10\/Pouillot-veloce-07573.jpg?resize=300%2C200&amp;ssl=1 300w, https:\/\/i0.wp.com\/plumalia.eu\/wp-content\/uploads\/2022\/10\/Pouillot-veloce-07573.jpg?resize=768%2C511&amp;ssl=1 768w\" sizes=\"auto, (max-width: 800px) 100vw, 800px\" data-recalc-dims=\"1\" \/><figcaption class=\"wp-element-caption\">Pouillot v\u00e9loce adulte &#8211; <em>Phylloscopus collybita<\/em>. On aper\u00e7oit les poils dans la nuque. Photo d&rsquo;octobre 2022.<\/figcaption><\/figure><\/div>\n\n<div class=\"wp-block-image\">\n<figure class=\"aligncenter size-large\"><img loading=\"lazy\" decoding=\"async\" width=\"800\" height=\"624\" src=\"https:\/\/i0.wp.com\/plumalia.eu\/wp-content\/uploads\/2022\/07\/Rougegorge-familier-07925.jpg?resize=800%2C624&#038;ssl=1\" alt=\"\" class=\"wp-image-5048\" srcset=\"https:\/\/i0.wp.com\/plumalia.eu\/wp-content\/uploads\/2022\/07\/Rougegorge-familier-07925.jpg?w=859&amp;ssl=1 859w, https:\/\/i0.wp.com\/plumalia.eu\/wp-content\/uploads\/2022\/07\/Rougegorge-familier-07925.jpg?resize=300%2C234&amp;ssl=1 300w, https:\/\/i0.wp.com\/plumalia.eu\/wp-content\/uploads\/2022\/07\/Rougegorge-familier-07925.jpg?resize=768%2C599&amp;ssl=1 768w\" sizes=\"auto, (max-width: 800px) 100vw, 800px\" data-recalc-dims=\"1\" \/><figcaption class=\"wp-element-caption\">Poils bien visibles sur ce clich\u00e9 de Rougegorge familier &#8211; <em>Erithacus rubecula<\/em>.<br><br><a href=\"https:\/\/plumalia.eu\/?p=90\">Photos prot\u00e9g\u00e9es par la l\u00e9gislation en vigueur.<\/a> <br><br><\/figcaption><\/figure><\/div>\n\n<div class=\"wp-block-image\">\n<figure class=\"aligncenter size-large\"><img loading=\"lazy\" decoding=\"async\" width=\"800\" height=\"641\" src=\"https:\/\/i0.wp.com\/plumalia.eu\/wp-content\/uploads\/2022\/07\/Rougegorge-familier-09432.jpg?resize=800%2C641&#038;ssl=1\" alt=\"\" class=\"wp-image-5049\" srcset=\"https:\/\/i0.wp.com\/plumalia.eu\/wp-content\/uploads\/2022\/07\/Rougegorge-familier-09432.jpg?w=1000&amp;ssl=1 1000w, https:\/\/i0.wp.com\/plumalia.eu\/wp-content\/uploads\/2022\/07\/Rougegorge-familier-09432.jpg?resize=300%2C240&amp;ssl=1 300w, https:\/\/i0.wp.com\/plumalia.eu\/wp-content\/uploads\/2022\/07\/Rougegorge-familier-09432.jpg?resize=768%2C615&amp;ssl=1 768w\" sizes=\"auto, (max-width: 800px) 100vw, 800px\" data-recalc-dims=\"1\" \/><figcaption class=\"wp-element-caption\">Aussi visibles sur ce jeune Rougegorge familier &#8211; <em>Erithacus rubecula<\/em>.<\/figcaption><\/figure><\/div>\n\n<div class=\"wp-block-image\">\n<figure class=\"aligncenter size-full\"><img loading=\"lazy\" decoding=\"async\" width=\"800\" height=\"532\" src=\"https:\/\/i0.wp.com\/plumalia.eu\/wp-content\/uploads\/2022\/08\/Rougequeue-a-front-blanc-08609.jpg?resize=800%2C532&#038;ssl=1\" alt=\"\" class=\"wp-image-5211\" srcset=\"https:\/\/i0.wp.com\/plumalia.eu\/wp-content\/uploads\/2022\/08\/Rougequeue-a-front-blanc-08609.jpg?w=800&amp;ssl=1 800w, https:\/\/i0.wp.com\/plumalia.eu\/wp-content\/uploads\/2022\/08\/Rougequeue-a-front-blanc-08609.jpg?resize=300%2C200&amp;ssl=1 300w, https:\/\/i0.wp.com\/plumalia.eu\/wp-content\/uploads\/2022\/08\/Rougequeue-a-front-blanc-08609.jpg?resize=768%2C511&amp;ssl=1 768w\" sizes=\"auto, (max-width: 800px) 100vw, 800px\" data-recalc-dims=\"1\" \/><figcaption class=\"wp-element-caption\">Chez cette femelle de Rougequeue \u00e0 front blanc.<\/figcaption><\/figure><\/div>\n\n<div class=\"wp-block-image\">\n<figure class=\"aligncenter size-large\"><img loading=\"lazy\" decoding=\"async\" width=\"800\" height=\"531\" src=\"https:\/\/i0.wp.com\/plumalia.eu\/wp-content\/uploads\/2022\/07\/Rousserolle-effarvatte-00887.jpg?resize=800%2C531&#038;ssl=1\" alt=\"\" class=\"wp-image-5051\" srcset=\"https:\/\/i0.wp.com\/plumalia.eu\/wp-content\/uploads\/2022\/07\/Rousserolle-effarvatte-00887.jpg?w=1000&amp;ssl=1 1000w, https:\/\/i0.wp.com\/plumalia.eu\/wp-content\/uploads\/2022\/07\/Rousserolle-effarvatte-00887.jpg?resize=300%2C199&amp;ssl=1 300w, https:\/\/i0.wp.com\/plumalia.eu\/wp-content\/uploads\/2022\/07\/Rousserolle-effarvatte-00887.jpg?resize=768%2C510&amp;ssl=1 768w\" sizes=\"auto, (max-width: 800px) 100vw, 800px\" data-recalc-dims=\"1\" \/><figcaption class=\"wp-element-caption\">Rousserole effarvate &#8211;<em> Acrocephalus scirpaceus<\/em>.<br><br>Encore d\u00e9sol\u00e9 pour la qualit\u00e9 de certaines photos. parfois, fortement recadr\u00e9es.<br><\/figcaption><\/figure><\/div>\n\n<div class=\"wp-block-image\">\n<figure class=\"aligncenter size-full\"><img loading=\"lazy\" decoding=\"async\" width=\"800\" height=\"533\" src=\"https:\/\/i0.wp.com\/plumalia.eu\/wp-content\/uploads\/2022\/09\/Tarier-patre-00775.jpg?resize=800%2C533&#038;ssl=1\" alt=\"\" class=\"wp-image-5217\" srcset=\"https:\/\/i0.wp.com\/plumalia.eu\/wp-content\/uploads\/2022\/09\/Tarier-patre-00775.jpg?w=800&amp;ssl=1 800w, https:\/\/i0.wp.com\/plumalia.eu\/wp-content\/uploads\/2022\/09\/Tarier-patre-00775.jpg?resize=300%2C200&amp;ssl=1 300w, https:\/\/i0.wp.com\/plumalia.eu\/wp-content\/uploads\/2022\/09\/Tarier-patre-00775.jpg?resize=768%2C512&amp;ssl=1 768w\" sizes=\"auto, (max-width: 800px) 100vw, 800px\" data-recalc-dims=\"1\" \/><figcaption class=\"wp-element-caption\">Tarier des pr\u00e9s, ao\u00fbt 2022.<\/figcaption><\/figure><\/div>\n\n<div class=\"wp-block-image\">\n<figure class=\"alignright size-large\"><img loading=\"lazy\" decoding=\"async\" width=\"800\" height=\"532\" src=\"https:\/\/i0.wp.com\/plumalia.eu\/wp-content\/uploads\/2022\/07\/Tarin-des-aulnes-07069.jpg?resize=800%2C532&#038;ssl=1\" alt=\"\" class=\"wp-image-5054\" srcset=\"https:\/\/i0.wp.com\/plumalia.eu\/wp-content\/uploads\/2022\/07\/Tarin-des-aulnes-07069.jpg?w=1000&amp;ssl=1 1000w, https:\/\/i0.wp.com\/plumalia.eu\/wp-content\/uploads\/2022\/07\/Tarin-des-aulnes-07069.jpg?resize=300%2C200&amp;ssl=1 300w, https:\/\/i0.wp.com\/plumalia.eu\/wp-content\/uploads\/2022\/07\/Tarin-des-aulnes-07069.jpg?resize=768%2C511&amp;ssl=1 768w\" sizes=\"auto, (max-width: 800px) 100vw, 800px\" data-recalc-dims=\"1\" \/><figcaption class=\"wp-element-caption\">Et voici le dernier de la s\u00e9rie, le Tarin des aulnes &#8211; <em>Spinus spinus<\/em>, m\u00e2le.<br><br><strong>Ces \u00ab\u00a0poils\u00a0\u00bb sont des \u00ab\u00a0filoplumes\u00a0\u00bb ou \u00ab\u00a0filiplumes\u00a0\u00bb.<\/strong><br><br>Cette liste n&rsquo;est bien entendu, pas exhaustive. <br>Vous pouvez y apporter vos clich\u00e9s comme preuves \u00e0 ces observations personnelles.<br>Elles pourront \u00eatre ajout\u00e9es \u00e0 cette liste avec le pr\u00e9nom et le nom de l&rsquo;auteur.<br><br>Ces observations n&rsquo;ont rien de scientifiques mais n&rsquo;est-ce pas une preuve d&rsquo;un tr\u00e8s proche ADN, entre ces esp\u00e8ces de passereaux, ci-dessus cit\u00e9es ? Une sorte de filiation directe.<br>Sont-ce des plumes ? Oui, c&rsquo;est un oiseau.<br>Cette particularit\u00e9 est-elle visible sur l&rsquo;enti\u00e8ret\u00e9 du globe ? En Am\u00e9rique du Nord oui. Le Bruant chanteur en est la preuve mais en Asie, Oc\u00e9anie&#8230;?<br>Ces m\u00eames type de filiplumes sont aussi observ\u00e9es autour du bec. L\u00e0, elles ont un r\u00f4le de vibrisses.<br><br>Bruno Marchal<br>Rixensart (Belgique).<br><br>N&rsquo;h\u00e9sitez pas \u00e0 transf\u00e9rer \u00e0 vos contacts et \u00e0 m&rsquo;envoyer vos r\u00e9actions ou vos photos SVP, \u00e0 l&rsquo;adresse ci-dessous  :<br><br>marchal.bruno@scarlet.be <br><br>Vous trouverez sous les derni\u00e8res photos ci-dessous, quelques unes de vos r\u00e9flexions.<br>Merci pour celles-ci.<br><br><a href=\"https:\/\/plumalia.eu\/?p=90\">Photos prot\u00e9g\u00e9es par la l\u00e9gislation en vigueur.<\/a> <\/figcaption><\/figure><\/div>\n\n\n<figure class=\"wp-block-image size-full\"><img loading=\"lazy\" decoding=\"async\" width=\"800\" height=\"533\" src=\"https:\/\/i0.wp.com\/plumalia.eu\/wp-content\/uploads\/2024\/02\/mesange_lugubreCFa0610Turquie6432b.jpg?resize=800%2C533&#038;ssl=1\" alt=\"\" class=\"wp-image-5804\" srcset=\"https:\/\/i0.wp.com\/plumalia.eu\/wp-content\/uploads\/2024\/02\/mesange_lugubreCFa0610Turquie6432b.jpg?w=800&amp;ssl=1 800w, https:\/\/i0.wp.com\/plumalia.eu\/wp-content\/uploads\/2024\/02\/mesange_lugubreCFa0610Turquie6432b.jpg?resize=300%2C200&amp;ssl=1 300w, https:\/\/i0.wp.com\/plumalia.eu\/wp-content\/uploads\/2024\/02\/mesange_lugubreCFa0610Turquie6432b.jpg?resize=768%2C512&amp;ssl=1 768w\" sizes=\"auto, (max-width: 800px) 100vw, 800px\" data-recalc-dims=\"1\" \/><\/figure>\n\n\n\n<figure class=\"wp-block-image size-full\"><img loading=\"lazy\" decoding=\"async\" width=\"800\" height=\"533\" src=\"https:\/\/i0.wp.com\/plumalia.eu\/wp-content\/uploads\/2024\/02\/mesange_lugubreCFa0610Turquie6432b.jpg?resize=800%2C533&#038;ssl=1\" alt=\"\" class=\"wp-image-5804\" srcset=\"https:\/\/i0.wp.com\/plumalia.eu\/wp-content\/uploads\/2024\/02\/mesange_lugubreCFa0610Turquie6432b.jpg?w=800&amp;ssl=1 800w, https:\/\/i0.wp.com\/plumalia.eu\/wp-content\/uploads\/2024\/02\/mesange_lugubreCFa0610Turquie6432b.jpg?resize=300%2C200&amp;ssl=1 300w, https:\/\/i0.wp.com\/plumalia.eu\/wp-content\/uploads\/2024\/02\/mesange_lugubreCFa0610Turquie6432b.jpg?resize=768%2C512&amp;ssl=1 768w\" sizes=\"auto, (max-width: 800px) 100vw, 800px\" data-recalc-dims=\"1\" \/><\/figure>\n\n\n\n<p><br>Une M\u00e9sange lugubre photographi\u00e9e par Charly Farinelle en Turquie en 2010.<\/p>\n\n\n\n<figure class=\"wp-block-image size-full\"><img loading=\"lazy\" decoding=\"async\" width=\"800\" height=\"533\" src=\"https:\/\/i0.wp.com\/plumalia.eu\/wp-content\/uploads\/2022\/11\/Verdier-dEurope-4-poils-08449.jpg?resize=800%2C533&#038;ssl=1\" alt=\"\" class=\"wp-image-5336\" srcset=\"https:\/\/i0.wp.com\/plumalia.eu\/wp-content\/uploads\/2022\/11\/Verdier-dEurope-4-poils-08449.jpg?w=800&amp;ssl=1 800w, https:\/\/i0.wp.com\/plumalia.eu\/wp-content\/uploads\/2022\/11\/Verdier-dEurope-4-poils-08449.jpg?resize=300%2C200&amp;ssl=1 300w, https:\/\/i0.wp.com\/plumalia.eu\/wp-content\/uploads\/2022\/11\/Verdier-dEurope-4-poils-08449.jpg?resize=768%2C512&amp;ssl=1 768w\" sizes=\"auto, (max-width: 800px) 100vw, 800px\" data-recalc-dims=\"1\" \/><figcaption class=\"wp-element-caption\">Verdier d&rsquo;Europe &#8211; <em>Chloris chloris<\/em> de novembre 2022.<\/figcaption><\/figure>\n\n\n<div class=\"wp-block-image\">\n<figure class=\"aligncenter size-full\"><img loading=\"lazy\" decoding=\"async\" width=\"800\" height=\"534\" src=\"https:\/\/i0.wp.com\/plumalia.eu\/wp-content\/uploads\/2022\/11\/Verdier-dEurope-4-poils-08451.jpg?resize=800%2C534&#038;ssl=1\" alt=\"\" class=\"wp-image-5338\" srcset=\"https:\/\/i0.wp.com\/plumalia.eu\/wp-content\/uploads\/2022\/11\/Verdier-dEurope-4-poils-08451.jpg?w=900&amp;ssl=1 900w, https:\/\/i0.wp.com\/plumalia.eu\/wp-content\/uploads\/2022\/11\/Verdier-dEurope-4-poils-08451.jpg?resize=300%2C200&amp;ssl=1 300w, https:\/\/i0.wp.com\/plumalia.eu\/wp-content\/uploads\/2022\/11\/Verdier-dEurope-4-poils-08451.jpg?resize=768%2C513&amp;ssl=1 768w\" sizes=\"auto, (max-width: 800px) 100vw, 800px\" data-recalc-dims=\"1\" \/><figcaption class=\"wp-element-caption\">Une deuxi\u00e8me photo de novembre 2022 du Verdier d&rsquo;Europe.<\/figcaption><\/figure><\/div>\n\n<div class=\"wp-block-image\">\n<figure class=\"aligncenter size-large\"><img loading=\"lazy\" decoding=\"async\" width=\"800\" height=\"534\" src=\"https:\/\/i0.wp.com\/plumalia.eu\/wp-content\/uploads\/2022\/07\/Bruant-zizi-00280.jpg?resize=800%2C534&#038;ssl=1\" alt=\"\" class=\"wp-image-5062\" srcset=\"https:\/\/i0.wp.com\/plumalia.eu\/wp-content\/uploads\/2022\/07\/Bruant-zizi-00280.jpg?w=1000&amp;ssl=1 1000w, https:\/\/i0.wp.com\/plumalia.eu\/wp-content\/uploads\/2022\/07\/Bruant-zizi-00280.jpg?resize=300%2C200&amp;ssl=1 300w, https:\/\/i0.wp.com\/plumalia.eu\/wp-content\/uploads\/2022\/07\/Bruant-zizi-00280.jpg?resize=768%2C513&amp;ssl=1 768w\" sizes=\"auto, (max-width: 800px) 100vw, 800px\" data-recalc-dims=\"1\" \/><figcaption class=\"wp-element-caption\">Et voici un tout frais du jour (juillet 2022) venu du Sud, un Bruant zizi &#8211; <em>Emberiza cirlus<\/em>&#8230; Il a aussi ses 4 \u00ab\u00a0poils\u00a0\u00bb dans la nuque.<br>Observation exceptionnelle de ce mois de juillet 2022 du c\u00f4t\u00e9 de Anh\u00e9e (Belgique). Seulement la troisi\u00e8me observation de ce beau bruant apr\u00e8s plusieurs d\u00e9cennies de recensement. Merci Anne-Christine pour sa d\u00e9couverte.<\/figcaption><\/figure><\/div>\n\n<div class=\"wp-block-image\">\n<figure class=\"aligncenter size-large\"><img loading=\"lazy\" decoding=\"async\" width=\"800\" height=\"556\" src=\"https:\/\/i0.wp.com\/plumalia.eu\/wp-content\/uploads\/2022\/07\/Epervier-dEurope-02869.jpg?resize=800%2C556&#038;ssl=1\" alt=\"\" class=\"wp-image-5101\" srcset=\"https:\/\/i0.wp.com\/plumalia.eu\/wp-content\/uploads\/2022\/07\/Epervier-dEurope-02869.jpg?w=1000&amp;ssl=1 1000w, https:\/\/i0.wp.com\/plumalia.eu\/wp-content\/uploads\/2022\/07\/Epervier-dEurope-02869.jpg?resize=300%2C209&amp;ssl=1 300w, https:\/\/i0.wp.com\/plumalia.eu\/wp-content\/uploads\/2022\/07\/Epervier-dEurope-02869.jpg?resize=768%2C534&amp;ssl=1 768w\" sizes=\"auto, (max-width: 800px) 100vw, 800px\" data-recalc-dims=\"1\" \/><figcaption class=\"wp-element-caption\">Epervier d&rsquo;Europe &#8211; Accipiter nisus ? Juillet 2022.<\/figcaption><\/figure><\/div>\n\n\n<p><strong>Thierry M.<\/strong><br>Tr\u00e8s impressionnant&nbsp;!<br>mais la question est&nbsp;: \u00e0 quoi cela sert-il&nbsp;? rien n\u2019est d\u00fb au hasard, surtout s\u2019il est maintenu sur toutes les esp\u00e8ces&nbsp;!<br>Orientation&nbsp;? perception dans l\u2019espace&nbsp;? sensation derri\u00e8re la t\u00eate&nbsp;?<br>M\u00eame structure que des vibrisses en fait&nbsp;?<br><br><strong>Vincent B.<\/strong><br>D\u00e9j\u00e0 vu\u2026 mais je ne me suis jamais pos\u00e9 la question sur le \u00ab&nbsp;pourquoi du comment&nbsp;\u00bbJe r\u00e9fl\u00e9chis et je transmets.Merci&nbsp;!A +<br><br><\/p>\n\n\n\n<p><strong>J-S R-P.<\/strong><br>J&rsquo;ai fait attention une fois, c&rsquo;est un d\u00e9but \ud83d\ude09<br>Sur deux chardonnerets, un juv et un adulte qui \u00e9taient ensemble proches de moi et que j&rsquo;ai mis plein pot dans la longue-vue. L&rsquo;adulte n&rsquo;avait rien j&rsquo;en suis certain, le juv avait une ou deux plumes du genre sur l&rsquo;arri\u00e8re de la t\u00eate.<br>J&rsquo;en d\u00e9duis que ce n&rsquo;est pas li\u00e9 \u00e0 l&rsquo;esp\u00e8ce et donc que c&rsquo;est plus probablement une histoire de plume qui pousse ou qui est en train de se d\u00e9tacher, peut-\u00eatre parce qu&rsquo;une nouvelle la pousse. La t\u00eate des chardonnerets juv est justement en train de passer du gris\u00e2tre une peu ray\u00e9 un plumage tricolore de l&rsquo;adulte.<br><strong>R\u00e9ponse BM,<\/strong><br>Pourtant, voir photos ci-avant qui prouvent le contraire. J&rsquo;ai aussi retrouv\u00e9 d&rsquo;autres photos de chardonneret de 2017 avec cette caract\u00e9ristique bien visible dans la zone blanche de la nuque. Observ\u00e9 plusieurs fois&#8230;<br><br>Un article sur le sujet para\u00eetra tr\u00e8s prochainement sur le site d\u00a0\u00bbOrnithom\u00e9dia\u00a0\u00bb, le lien arrive d\u00e8s que possible&#8230;<\/p>\n\n\n<div class=\"wp-block-image\">\n<figure class=\"aligncenter size-full\"><img loading=\"lazy\" decoding=\"async\" width=\"800\" height=\"564\" src=\"https:\/\/i0.wp.com\/plumalia.eu\/wp-content\/uploads\/2022\/08\/Chardonneret-elegant-07663.jpg?resize=800%2C564&#038;ssl=1\" alt=\"\" class=\"wp-image-5193\" srcset=\"https:\/\/i0.wp.com\/plumalia.eu\/wp-content\/uploads\/2022\/08\/Chardonneret-elegant-07663.jpg?w=800&amp;ssl=1 800w, https:\/\/i0.wp.com\/plumalia.eu\/wp-content\/uploads\/2022\/08\/Chardonneret-elegant-07663.jpg?resize=300%2C212&amp;ssl=1 300w, https:\/\/i0.wp.com\/plumalia.eu\/wp-content\/uploads\/2022\/08\/Chardonneret-elegant-07663.jpg?resize=768%2C541&amp;ssl=1 768w\" sizes=\"auto, (max-width: 800px) 100vw, 800px\" data-recalc-dims=\"1\" \/><\/figure><\/div>\n\n\n<p>O.T.<br>Apr\u00e8s avoir aiguis\u00e9 sa curiosit\u00e9, quelques recherches dans ses photos et :<br><br><\/p>\n\n\n<div class=\"wp-block-image\">\n<figure class=\"aligncenter size-full\"><img loading=\"lazy\" decoding=\"async\" width=\"800\" height=\"554\" src=\"https:\/\/i0.wp.com\/plumalia.eu\/wp-content\/uploads\/2022\/08\/Pluvier-Petit-Gravelot-OT.jpg?resize=800%2C554&#038;ssl=1\" alt=\"\" class=\"wp-image-5198\" srcset=\"https:\/\/i0.wp.com\/plumalia.eu\/wp-content\/uploads\/2022\/08\/Pluvier-Petit-Gravelot-OT.jpg?w=800&amp;ssl=1 800w, https:\/\/i0.wp.com\/plumalia.eu\/wp-content\/uploads\/2022\/08\/Pluvier-Petit-Gravelot-OT.jpg?resize=300%2C208&amp;ssl=1 300w, https:\/\/i0.wp.com\/plumalia.eu\/wp-content\/uploads\/2022\/08\/Pluvier-Petit-Gravelot-OT.jpg?resize=768%2C532&amp;ssl=1 768w\" sizes=\"auto, (max-width: 800px) 100vw, 800px\" data-recalc-dims=\"1\" \/><figcaption class=\"wp-element-caption\">Pluvier Petit Gravelot, o\u00f9 l&rsquo;on aper\u00e7oit 2 petits poils dans la zone blanche de sa nuque.<\/figcaption><\/figure><\/div>\n\n<div class=\"wp-block-image\">\n<figure class=\"aligncenter size-full\"><img loading=\"lazy\" decoding=\"async\" width=\"800\" height=\"418\" src=\"https:\/\/i0.wp.com\/plumalia.eu\/wp-content\/uploads\/2022\/08\/Roitelet-triple-bandeau-OT.png?resize=800%2C418&#038;ssl=1\" alt=\"\" class=\"wp-image-5199\" srcset=\"https:\/\/i0.wp.com\/plumalia.eu\/wp-content\/uploads\/2022\/08\/Roitelet-triple-bandeau-OT.png?w=800&amp;ssl=1 800w, https:\/\/i0.wp.com\/plumalia.eu\/wp-content\/uploads\/2022\/08\/Roitelet-triple-bandeau-OT.png?resize=300%2C157&amp;ssl=1 300w, https:\/\/i0.wp.com\/plumalia.eu\/wp-content\/uploads\/2022\/08\/Roitelet-triple-bandeau-OT.png?resize=768%2C401&amp;ssl=1 768w\" sizes=\"auto, (max-width: 800px) 100vw, 800px\" data-recalc-dims=\"1\" \/><figcaption class=\"wp-element-caption\">Roitelet triple bandeau, bien visible dans sa nuque.<br>La Rousserole turdo\u00efde poss\u00e8de aussi cette particularit\u00e9.<br>Merci, pour ces nouvelles preuves.<\/figcaption><\/figure><\/div>\n\n\n<script src=\"http:\/\/www.google-analytics.com\/urchin.js\" type=\"text\/javascript\">\n<\/script>\n<script type=\"text\/javascript\">\n_uacct = \"UA-2472264-1\";\nurchinTracker();\n<\/script>\n","protected":false},"excerpt":{"rendered":"<p>Aviez-vous d\u00e9j\u00e0 remarqu\u00e9&#8230;<\/p>\n","protected":false},"author":2,"featured_media":5062,"comment_status":"closed","ping_status":"closed","sticky":false,"template":"","format":"standard","meta":{"_coblocks_attr":"","_coblocks_dimensions":"","_coblocks_responsive_height":"","_coblocks_accordion_ie_support":"","om_disable_all_campaigns":false,"_monsterinsights_skip_tracking":false,"_monsterinsights_sitenote_active":false,"_monsterinsights_sitenote_note":"","_monsterinsights_sitenote_category":0,"footnotes":""},"categories":[30,25],"tags":[],"class_list":["post-4987","post","type-post","status-publish","format-standard","has-post-thumbnail","hentry","category-archives-2022-archives","category-vies-d-oiseaux"],"aioseo_notices":[],"jetpack_featured_media_url":"https:\/\/i0.wp.com\/plumalia.eu\/wp-content\/uploads\/2022\/07\/Bruant-zizi-00280.jpg?fit=1000%2C668&ssl=1","jetpack_sharing_enabled":true,"_links":{"self":[{"href":"https:\/\/plumalia.eu\/index.php?rest_route=\/wp\/v2\/posts\/4987","targetHints":{"allow":["GET"]}}],"collection":[{"href":"https:\/\/plumalia.eu\/index.php?rest_route=\/wp\/v2\/posts"}],"about":[{"href":"https:\/\/plumalia.eu\/index.php?rest_route=\/wp\/v2\/types\/post"}],"author":[{"embeddable":true,"href":"https:\/\/plumalia.eu\/index.php?rest_route=\/wp\/v2\/users\/2"}],"replies":[{"embeddable":true,"href":"https:\/\/plumalia.eu\/index.php?rest_route=%2Fwp%2Fv2%2Fcomments&post=4987"}],"version-history":[{"count":97,"href":"https:\/\/plumalia.eu\/index.php?rest_route=\/wp\/v2\/posts\/4987\/revisions"}],"predecessor-version":[{"id":6796,"href":"https:\/\/plumalia.eu\/index.php?rest_route=\/wp\/v2\/posts\/4987\/revisions\/6796"}],"wp:featuredmedia":[{"embeddable":true,"href":"https:\/\/plumalia.eu\/index.php?rest_route=\/wp\/v2\/media\/5062"}],"wp:attachment":[{"href":"https:\/\/plumalia.eu\/index.php?rest_route=%2Fwp%2Fv2%2Fmedia&parent=4987"}],"wp:term":[{"taxonomy":"category","embeddable":true,"href":"https:\/\/plumalia.eu\/index.php?rest_route=%2Fwp%2Fv2%2Fcategories&post=4987"},{"taxonomy":"post_tag","embeddable":true,"href":"https:\/\/plumalia.eu\/index.php?rest_route=%2Fwp%2Fv2%2Ftags&post=4987"}],"curies":[{"name":"wp","href":"https:\/\/api.w.org\/{rel}","templated":true}]}}