{"id":308,"date":"2011-10-10T18:59:39","date_gmt":"2011-10-10T16:59:39","guid":{"rendered":"http:\/\/desmarets.be\/wp\/?p=308"},"modified":"2025-04-09T12:21:15","modified_gmt":"2025-04-09T10:21:15","slug":"2011-11-09-au-28-exposition-photos-organisee-conjointement-par-le-pcdn-de-rixensart-et-objectif-rixensart","status":"publish","type":"post","link":"https:\/\/plumalia.eu\/?p=308","title":{"rendered":"2011.11.09 au 28 Exposition photos organis\u00e9e conjointement par le PCDN de Rixensart et Objectif Rixensart."},"content":{"rendered":"","protected":false},"excerpt":{"rendered":"<p>EXPOSITION PHOTOS<br \/>\nLE PATRIMOINE NATUREL DE RIXENSART<\/p>\n<p>Une trentaine de photographes ont r\u00e9pondu \u00e0 l\u2019appel conjoint du Plan Communal de D\u00e9veloppement de la Nature et d\u2019OBJECTIF RIXENSART \u2026 comment mettre en valeur le patrimoine naturel de Rixensart. Les organisateurs sont heureux de vous pr\u00e9senter une s\u00e9lection des meilleures photographies, fruits du travail de 21 passionn\u00e9s de la nature. Cette exposition aura lieu du 9 au 28 novembre 2011 au Centre Culturel de Rixensart, Place communale 38 \u00e0 Genval, t\u00e9moignant de l\u2019importance de pr\u00e9server et de sauvegarder la nature. <\/p>\n","protected":false},"author":1,"featured_media":0,"comment_status":"closed","ping_status":"closed","sticky":false,"template":"","format":"standard","meta":{"_coblocks_attr":"","_coblocks_dimensions":"","_coblocks_responsive_height":"","_coblocks_accordion_ie_support":"","om_disable_all_campaigns":false,"_monsterinsights_skip_tracking":false,"_monsterinsights_sitenote_active":false,"_monsterinsights_sitenote_note":"","_monsterinsights_sitenote_category":0,"footnotes":""},"categories":[13],"tags":[],"class_list":["post-308","post","type-post","status-publish","format-standard","hentry","category-archives-2011"],"aioseo_notices":[],"jetpack_featured_media_url":"","jetpack_sharing_enabled":true,"_links":{"self":[{"href":"https:\/\/plumalia.eu\/index.php?rest_route=\/wp\/v2\/posts\/308","targetHints":{"allow":["GET"]}}],"collection":[{"href":"https:\/\/plumalia.eu\/index.php?rest_route=\/wp\/v2\/posts"}],"about":[{"href":"https:\/\/plumalia.eu\/index.php?rest_route=\/wp\/v2\/types\/post"}],"author":[{"embeddable":true,"href":"https:\/\/plumalia.eu\/index.php?rest_route=\/wp\/v2\/users\/1"}],"replies":[{"embeddable":true,"href":"https:\/\/plumalia.eu\/index.php?rest_route=%2Fwp%2Fv2%2Fcomments&post=308"}],"version-history":[{"count":1,"href":"https:\/\/plumalia.eu\/index.php?rest_route=\/wp\/v2\/posts\/308\/revisions"}],"predecessor-version":[{"id":6750,"href":"https:\/\/plumalia.eu\/index.php?rest_route=\/wp\/v2\/posts\/308\/revisions\/6750"}],"wp:attachment":[{"href":"https:\/\/plumalia.eu\/index.php?rest_route=%2Fwp%2Fv2%2Fmedia&parent=308"}],"wp:term":[{"taxonomy":"category","embeddable":true,"href":"https:\/\/plumalia.eu\/index.php?rest_route=%2Fwp%2Fv2%2Fcategories&post=308"},{"taxonomy":"post_tag","embeddable":true,"href":"https:\/\/plumalia.eu\/index.php?rest_route=%2Fwp%2Fv2%2Ftags&post=308"}],"curies":[{"name":"wp","href":"https:\/\/api.w.org\/{rel}","templated":true}]}}