{"id":264,"date":"2011-03-09T21:24:45","date_gmt":"2011-03-09T20:24:45","guid":{"rendered":"http:\/\/desmarets.be\/wp\/?p=264"},"modified":"2011-03-09T21:24:45","modified_gmt":"2011-03-09T20:24:45","slug":"2011-03-18-expose-photos-de-nos-oiseaux-des-jardins","status":"publish","type":"post","link":"https:\/\/plumalia.eu\/?p=264","title":{"rendered":"2011.03.18 Expos\u00e9 photos de nos oiseaux des jardins."},"content":{"rendered":"<p>Le soleil est enfin de retour, synonyme de r\u00e9veil de la nature. Il est temps de faire le point sur l&rsquo;\u00e9tat d&rsquo;avancement des diff\u00e9rents projets nature men\u00e9s par le Plan Communal de D\u00e9veloppement de la Nature (PCDN) au sein de la commune de Rixensart. <\/p>\n<p>Nous vous invitons \u00e0 la r\u00e9union pl\u00e9ni\u00e8re du  PCDN qui  se d\u00e9roulera \u00e0 la Maison Communale \u00e0 20 h 00 (75 avenue de Merode) le  18 mars 2011.<\/p>\n<p>Les responsables des diff\u00e9rentes cellules seront invit\u00e9s \u00e0 pr\u00e9senter les actions r\u00e9alis\u00e9es en 2010 ainsi que les projets 2011.<\/p>\n<p>Au cours de cette soir\u00e9e vous aurez l\u2019occasion d\u2019assister \u00e0 la <strong>conf\u00e9rence photographique de Monsieur Marchal de l\u2019asbl Plumalia<\/strong> (www.plumalia.eu):<br \/>\n<strong>Des oiseaux dans votre jardin, pourquoi?<\/strong> <\/p>\n<p>Pour rappel : le PCDN de Rixensart est un plan qui mobilise les citoyens, les associations, les professionnels et l\u2019Administration communale de Rixensart dans des actions de protection et d\u2019am\u00e9lioration du patrimoine naturel et paysager. Le but principal du PCDN est la sauvegarde de la nature avec l\u2019aide des acteurs locaux.<\/p>\n<p>BIENVENUE A TOUTES ET A TOUS !<\/p>\n<p>Pour tout renseignement, contactez M\u00e9lanie Marion, coordinatrice du PCDN : 02\/ 634 35 55 melanie.marion@publilink.be<br \/>\nM\u00e9lanie Marion<br \/>\nService Environnement<br \/>\n33, colline du Glain<br \/>\n1330 Rixensart<br \/>\n02\/ 634 35 55<br \/>\nmelanie.marion@publilink.be<\/p>\n<p><script src=\"http:\/\/www.google-analytics.com\/urchin.js\" type=\"text\/javascript\">\n<\/script><br \/>\n<script type=\"text\/javascript\">\n_uacct = \"UA-2472264-1\";\nurchinTracker();\n<\/script><\/p>\n","protected":false},"excerpt":{"rendered":"<p>Apr\u00e8s la courte r\u00e9union pl\u00e9ni\u00e8re du PCDN de Rixensart le vendredi 18 mars 2011 \u00e0 20h00 dans la verri\u00e8re de la maison communale de Rixensart.<\/p>\n","protected":false},"author":1,"featured_media":0,"comment_status":"closed","ping_status":"closed","sticky":false,"template":"","format":"standard","meta":{"_coblocks_attr":"","_coblocks_dimensions":"","_coblocks_responsive_height":"","_coblocks_accordion_ie_support":"","om_disable_all_campaigns":false,"_monsterinsights_skip_tracking":false,"_monsterinsights_sitenote_active":false,"_monsterinsights_sitenote_note":"","_monsterinsights_sitenote_category":0,"footnotes":""},"categories":[13],"tags":[],"class_list":["post-264","post","type-post","status-publish","format-standard","hentry","category-archives-2011"],"aioseo_notices":[],"jetpack_featured_media_url":"","jetpack_sharing_enabled":true,"_links":{"self":[{"href":"https:\/\/plumalia.eu\/index.php?rest_route=\/wp\/v2\/posts\/264","targetHints":{"allow":["GET"]}}],"collection":[{"href":"https:\/\/plumalia.eu\/index.php?rest_route=\/wp\/v2\/posts"}],"about":[{"href":"https:\/\/plumalia.eu\/index.php?rest_route=\/wp\/v2\/types\/post"}],"author":[{"embeddable":true,"href":"https:\/\/plumalia.eu\/index.php?rest_route=\/wp\/v2\/users\/1"}],"replies":[{"embeddable":true,"href":"https:\/\/plumalia.eu\/index.php?rest_route=%2Fwp%2Fv2%2Fcomments&post=264"}],"version-history":[{"count":0,"href":"https:\/\/plumalia.eu\/index.php?rest_route=\/wp\/v2\/posts\/264\/revisions"}],"wp:attachment":[{"href":"https:\/\/plumalia.eu\/index.php?rest_route=%2Fwp%2Fv2%2Fmedia&parent=264"}],"wp:term":[{"taxonomy":"category","embeddable":true,"href":"https:\/\/plumalia.eu\/index.php?rest_route=%2Fwp%2Fv2%2Fcategories&post=264"},{"taxonomy":"post_tag","embeddable":true,"href":"https:\/\/plumalia.eu\/index.php?rest_route=%2Fwp%2Fv2%2Ftags&post=264"}],"curies":[{"name":"wp","href":"https:\/\/api.w.org\/{rel}","templated":true}]}}